
{"id":171568,"date":"2023-03-28T17:05:43","date_gmt":"2023-03-28T20:05:43","guid":{"rendered":"http:\/\/www.politicosdosuldabahia.com.br\/v1\/?p=171568"},"modified":"2023-03-28T17:05:43","modified_gmt":"2023-03-28T20:05:43","slug":"em-brasilia-presidente-da-amurc-defende-pautas-em-favor-da-regiao","status":"publish","type":"post","link":"https:\/\/www.politicosdosuldabahia.com.br\/v1\/2023\/03\/28\/em-brasilia-presidente-da-amurc-defende-pautas-em-favor-da-regiao\/","title":{"rendered":"EM BRAS\u00cdLIA, PRESIDENTE DA AMURC DEFENDE PAUTAS EM FAVOR DA REGI\u00c3O"},"content":{"rendered":"<p>&nbsp;<\/p>\n<h3 style=\"text-align: justify\"><img loading=\"lazy\" decoding=\"async\" class=\"wp-image-171569 aligncenter\" src=\"http:\/\/www.politicosdosuldabahia.com.br\/v1\/wp-content\/uploads\/2023\/03\/WhatsApp-Image-2023-03-28-at-14.57.28.jpeg\" alt=\"WhatsApp Image 2023-03-28 at 14.57.28\" width=\"455\" height=\"341\" srcset=\"https:\/\/www.politicosdosuldabahia.com.br\/v1\/wp-content\/uploads\/2023\/03\/WhatsApp-Image-2023-03-28-at-14.57.28.jpeg 1024w, https:\/\/www.politicosdosuldabahia.com.br\/v1\/wp-content\/uploads\/2023\/03\/WhatsApp-Image-2023-03-28-at-14.57.28-300x225.jpeg 300w, https:\/\/www.politicosdosuldabahia.com.br\/v1\/wp-content\/uploads\/2023\/03\/WhatsApp-Image-2023-03-28-at-14.57.28-768x576.jpeg 768w, https:\/\/www.politicosdosuldabahia.com.br\/v1\/wp-content\/uploads\/2023\/03\/WhatsApp-Image-2023-03-28-at-14.57.28-400x300.jpeg 400w\" sizes=\"(max-width: 455px) 100vw, 455px\" \/><\/h3>\n<h3 style=\"text-align: justify\">Durante a XXIV Marcha \u00e0 Bras\u00edlia em Defesa dos Munic\u00edpios, o presidente da Amurc e prefeito de Coaraci, Jadson Albano esteve reunido com os prefeitos associados visando debater as principais pautas municipalistas que afligem a regi\u00e3o.<\/h3>\n<h3 style=\"text-align: justify\">A presen\u00e7a expressiva dos prefeitos associados \u00e0 Amurc marcou o momento em que os gestores buscam defender os interesses da popula\u00e7\u00e3o. Dentre as pautas, tem sido ponto de debate a redu\u00e7\u00e3o da al\u00edquota do eSocial.<\/h3>\n<h3 style=\"text-align: justify\">A reforma tribut\u00e1ria justa e que fa\u00e7a a economia crescer foi defendida pelo vice-presidente da Rep\u00fablica, Geraldo Alkmin durante o discurso nesta ter\u00e7a-feira, 28, no segundo dia da Marcha. Uma esperan\u00e7a para os prefeitos que defendem ao longo dos anos a moderniza\u00e7\u00e3o na arrecada\u00e7\u00e3o dos tributos na esfera p\u00fablica.<\/h3>\n","protected":false},"excerpt":{"rendered":"<p>&nbsp; Durante a XXIV Marcha \u00e0 Bras\u00edlia em Defesa dos Munic\u00edpios, o presidente da Amurc e prefeito de Coaraci, Jadson Albano esteve reunido com os prefeitos associados visando debater as principais pautas municipalistas que afligem a regi\u00e3o. A presen\u00e7a expressiva dos prefeitos associados \u00e0 Amurc marcou o momento em que os gestores buscam defender os [&hellip;]<\/p>\n","protected":false},"author":992,"featured_media":171569,"comment_status":"open","ping_status":"closed","sticky":false,"template":"","format":"standard","meta":{"footnotes":"","_links_to":"","_links_to_target":""},"categories":[14,3,4],"tags":[],"class_list":["post-171568","post","type-post","status-publish","format-standard","has-post-thumbnail","hentry","category-bahia-geral","category-cidades","category-politica"],"views":723,"_links":{"self":[{"href":"https:\/\/www.politicosdosuldabahia.com.br\/v1\/wp-json\/wp\/v2\/posts\/171568"}],"collection":[{"href":"https:\/\/www.politicosdosuldabahia.com.br\/v1\/wp-json\/wp\/v2\/posts"}],"about":[{"href":"https:\/\/www.politicosdosuldabahia.com.br\/v1\/wp-json\/wp\/v2\/types\/post"}],"author":[{"embeddable":true,"href":"https:\/\/www.politicosdosuldabahia.com.br\/v1\/wp-json\/wp\/v2\/users\/992"}],"replies":[{"embeddable":true,"href":"https:\/\/www.politicosdosuldabahia.com.br\/v1\/wp-json\/wp\/v2\/comments?post=171568"}],"version-history":[{"count":1,"href":"https:\/\/www.politicosdosuldabahia.com.br\/v1\/wp-json\/wp\/v2\/posts\/171568\/revisions"}],"predecessor-version":[{"id":171570,"href":"https:\/\/www.politicosdosuldabahia.com.br\/v1\/wp-json\/wp\/v2\/posts\/171568\/revisions\/171570"}],"wp:featuredmedia":[{"embeddable":true,"href":"https:\/\/www.politicosdosuldabahia.com.br\/v1\/wp-json\/wp\/v2\/media\/171569"}],"wp:attachment":[{"href":"https:\/\/www.politicosdosuldabahia.com.br\/v1\/wp-json\/wp\/v2\/media?parent=171568"}],"wp:term":[{"taxonomy":"category","embeddable":true,"href":"https:\/\/www.politicosdosuldabahia.com.br\/v1\/wp-json\/wp\/v2\/categories?post=171568"},{"taxonomy":"post_tag","embeddable":true,"href":"https:\/\/www.politicosdosuldabahia.com.br\/v1\/wp-json\/wp\/v2\/tags?post=171568"}],"curies":[{"name":"wp","href":"https:\/\/api.w.org\/{rel}","templated":true}]}}