
{"id":171559,"date":"2023-03-28T14:06:07","date_gmt":"2023-03-28T17:06:07","guid":{"rendered":"http:\/\/www.politicosdosuldabahia.com.br\/v1\/?p=171559"},"modified":"2023-03-28T14:06:07","modified_gmt":"2023-03-28T17:06:07","slug":"cairu-rosemberg-articula-renovacao-de-convenio-entre-biblioteca-municipal-e-fundacao-pedro-calmonn","status":"publish","type":"post","link":"https:\/\/www.politicosdosuldabahia.com.br\/v1\/2023\/03\/28\/cairu-rosemberg-articula-renovacao-de-convenio-entre-biblioteca-municipal-e-fundacao-pedro-calmonn\/","title":{"rendered":"CAIRU: ROSEMBERG ARTICULA RENOVA\u00c7\u00c3O DE CONV\u00caNIO ENTRE BIBLIOTECA MUNICIPAL E FUNDA\u00c7\u00c3O PEDRO CALMONN"},"content":{"rendered":"<h3 style=\"text-align: justify\"><b><\/b><img loading=\"lazy\" decoding=\"async\" class=\"wp-image-171560 aligncenter\" src=\"http:\/\/www.politicosdosuldabahia.com.br\/v1\/wp-content\/uploads\/2023\/03\/Rosemberg_Cairu_FPM.jpeg\" alt=\"Rosemberg_Cairu_FPM\" width=\"455\" height=\"341\" srcset=\"https:\/\/www.politicosdosuldabahia.com.br\/v1\/wp-content\/uploads\/2023\/03\/Rosemberg_Cairu_FPM.jpeg 1600w, https:\/\/www.politicosdosuldabahia.com.br\/v1\/wp-content\/uploads\/2023\/03\/Rosemberg_Cairu_FPM-300x225.jpeg 300w, https:\/\/www.politicosdosuldabahia.com.br\/v1\/wp-content\/uploads\/2023\/03\/Rosemberg_Cairu_FPM-768x576.jpeg 768w, https:\/\/www.politicosdosuldabahia.com.br\/v1\/wp-content\/uploads\/2023\/03\/Rosemberg_Cairu_FPM-1024x768.jpeg 1024w, https:\/\/www.politicosdosuldabahia.com.br\/v1\/wp-content\/uploads\/2023\/03\/Rosemberg_Cairu_FPM-400x300.jpeg 400w\" sizes=\"(max-width: 455px) 100vw, 455px\" \/><br \/>\nVisando facilitar o contato entre a prefeitura de Cairu e o governo do Estado, o deputado estadual Rosemberg Pinto (PT) intermediou, nesta segunda-feira (27), a reuni\u00e3o da secret\u00e1ria de Cultura do munic\u00edpio do Baixo Sul, Gra\u00e7a Peleteiro, e o diretor-geral da Funda\u00e7\u00e3o Pedro Calmon (FPC), Vladimir Costa Pinheiro, para discutir a renova\u00e7\u00e3o de conv\u00eanio da biblioteca Jurenilva Maria Santiago Fahning.<\/p>\n<p>No encontro mediado por Rosemberg \u2013 que tamb\u00e9m \u00e9 l\u00edder do Governo na Assembleia Legislativa da Bahia \u2013 ficou acordado que Peleteiro far\u00e1 uma visita t\u00e9cnica \u00e0 FPC para que o \u00f3rg\u00e3o \u00a0vinculado \u00e0 secretaria de Cultura do Estado d\u00ea in\u00edcio ao procedimento para o termo de coopera\u00e7\u00e3o t\u00e9cnica com a biblioteca municipal de Cairu. \u201cDesde j\u00e1, a assist\u00eancia t\u00e9cnica e acompanhamento \u00a0est\u00e3o garantidos\u201d, afirmou Vladimir.<\/p>\n<p>Peleteiro destacou a import\u00e2ncia de ter um deputado como elo entre estado e munic\u00edpio: \u201cRosemberg sempre teve muita aten\u00e7\u00e3o com a cidade de Cairu e continua nos ajudando, abrindo os caminhos nas secretarias, como, por exemplo, na Funda\u00e7\u00e3o Pedro Calmon, que \u00e9 um bra\u00e7o da secretaria de Cultura\u201d.<\/h3>\n<div><\/div>\n","protected":false},"excerpt":{"rendered":"<p>Visando facilitar o contato entre a prefeitura de Cairu e o governo do Estado, o deputado estadual Rosemberg Pinto (PT) intermediou, nesta segunda-feira (27), a reuni\u00e3o da secret\u00e1ria de Cultura do munic\u00edpio do Baixo Sul, Gra\u00e7a Peleteiro, e o diretor-geral da Funda\u00e7\u00e3o Pedro Calmon (FPC), Vladimir Costa Pinheiro, para discutir a renova\u00e7\u00e3o de conv\u00eanio da [&hellip;]<\/p>\n","protected":false},"author":992,"featured_media":171560,"comment_status":"open","ping_status":"closed","sticky":false,"template":"","format":"standard","meta":{"footnotes":"","_links_to":"","_links_to_target":""},"categories":[14,3,4],"tags":[],"class_list":["post-171559","post","type-post","status-publish","format-standard","has-post-thumbnail","hentry","category-bahia-geral","category-cidades","category-politica"],"views":492,"_links":{"self":[{"href":"https:\/\/www.politicosdosuldabahia.com.br\/v1\/wp-json\/wp\/v2\/posts\/171559"}],"collection":[{"href":"https:\/\/www.politicosdosuldabahia.com.br\/v1\/wp-json\/wp\/v2\/posts"}],"about":[{"href":"https:\/\/www.politicosdosuldabahia.com.br\/v1\/wp-json\/wp\/v2\/types\/post"}],"author":[{"embeddable":true,"href":"https:\/\/www.politicosdosuldabahia.com.br\/v1\/wp-json\/wp\/v2\/users\/992"}],"replies":[{"embeddable":true,"href":"https:\/\/www.politicosdosuldabahia.com.br\/v1\/wp-json\/wp\/v2\/comments?post=171559"}],"version-history":[{"count":1,"href":"https:\/\/www.politicosdosuldabahia.com.br\/v1\/wp-json\/wp\/v2\/posts\/171559\/revisions"}],"predecessor-version":[{"id":171561,"href":"https:\/\/www.politicosdosuldabahia.com.br\/v1\/wp-json\/wp\/v2\/posts\/171559\/revisions\/171561"}],"wp:featuredmedia":[{"embeddable":true,"href":"https:\/\/www.politicosdosuldabahia.com.br\/v1\/wp-json\/wp\/v2\/media\/171560"}],"wp:attachment":[{"href":"https:\/\/www.politicosdosuldabahia.com.br\/v1\/wp-json\/wp\/v2\/media?parent=171559"}],"wp:term":[{"taxonomy":"category","embeddable":true,"href":"https:\/\/www.politicosdosuldabahia.com.br\/v1\/wp-json\/wp\/v2\/categories?post=171559"},{"taxonomy":"post_tag","embeddable":true,"href":"https:\/\/www.politicosdosuldabahia.com.br\/v1\/wp-json\/wp\/v2\/tags?post=171559"}],"curies":[{"name":"wp","href":"https:\/\/api.w.org\/{rel}","templated":true}]}}