
{"id":171467,"date":"2023-03-24T23:15:14","date_gmt":"2023-03-25T02:15:14","guid":{"rendered":"http:\/\/www.politicosdosuldabahia.com.br\/v1\/?p=171467"},"modified":"2023-03-24T23:17:21","modified_gmt":"2023-03-25T02:17:21","slug":"jeronimo-apresenta-bahia-sem-fome-e-convoca-a-sociedade-a-participar-do-programa-que-vai-alcancar-cerca-de-2-milhoes-de-cidadaos","status":"publish","type":"post","link":"https:\/\/www.politicosdosuldabahia.com.br\/v1\/2023\/03\/24\/jeronimo-apresenta-bahia-sem-fome-e-convoca-a-sociedade-a-participar-do-programa-que-vai-alcancar-cerca-de-2-milhoes-de-cidadaos\/","title":{"rendered":"JER\u00d4NIMO APRESENTA BAHIA SEM FOME E CONVOCA A SOCIEDADE A PARTICIPAR DO PROGRAMA QUE VAI ALCAN\u00c7AR CERCA DE 2 MILH\u00d5ES DE CIDAD\u00c3OS"},"content":{"rendered":"<p><img loading=\"lazy\" decoding=\"async\" class=\"wp-image-171472 aligncenter\" src=\"http:\/\/www.politicosdosuldabahia.com.br\/v1\/wp-content\/uploads\/2023\/03\/WhatsApp-Image-2023-03-24-at-15.37.27.jpeg\" alt=\"WhatsApp Image 2023-03-24 at 15.37.27\" width=\"455\" height=\"303\" srcset=\"https:\/\/www.politicosdosuldabahia.com.br\/v1\/wp-content\/uploads\/2023\/03\/WhatsApp-Image-2023-03-24-at-15.37.27.jpeg 1110w, https:\/\/www.politicosdosuldabahia.com.br\/v1\/wp-content\/uploads\/2023\/03\/WhatsApp-Image-2023-03-24-at-15.37.27-300x200.jpeg 300w, https:\/\/www.politicosdosuldabahia.com.br\/v1\/wp-content\/uploads\/2023\/03\/WhatsApp-Image-2023-03-24-at-15.37.27-768x512.jpeg 768w, https:\/\/www.politicosdosuldabahia.com.br\/v1\/wp-content\/uploads\/2023\/03\/WhatsApp-Image-2023-03-24-at-15.37.27-1024x683.jpeg 1024w\" sizes=\"(max-width: 455px) 100vw, 455px\" \/><\/p>\n<h3 style=\"text-align: justify\">Nesta sexta-feira (24), o governador Jer\u00f4nimo Rodrigues apresentou o Programa Bahia Sem Fome, em evento realizado no audit\u00f3rio do Col\u00e9gio Estadual Vila Can\u00e1ria, em Salvador. O programa ir\u00e1 alcan\u00e7ar e dar suporte a cerca de 1,8 milh\u00e3o de cidad\u00e3os que hoje se encontram em situa\u00e7\u00e3o de inseguran\u00e7a alimentar e nutricional, com a execu\u00e7\u00e3o de diversas a\u00e7\u00f5es de inclus\u00e3o social e transfer\u00eancia de renda. A primeira etapa da campanha consiste na arrecada\u00e7\u00e3o de alimentos, envolvendo \u00f3rg\u00e3os p\u00fablicos, a iniciativa privada e a sociedade civil organizada.<\/h3>\n<h3 style=\"text-align: justify\">Empenhado na causa de garantir a seguran\u00e7a alimentar na Bahia, Jer\u00f4nimo apela para que toda a sociedade colabore com as a\u00e7\u00f5es do programa e reconhe\u00e7a a humanidade de quem est\u00e1 em vulnerabilidade social. &#8220;N\u00e3o chamem as pessoas que est\u00e3o passando fome de invis\u00edveis, pois todo mundo sabe onde est\u00e3o. N\u00f3s vamos fazer a busca ativa para coloc\u00e1-los dentro dos programas, e vamos colocar or\u00e7amento para essa necessidade&#8221;, garantiu.<\/h3>\n<h3 style=\"text-align: justify\">Durante o evento, o governador realizou a entrega simb\u00f3lica de cestas b\u00e1sicas para representantes de movimentos sociais, associa\u00e7\u00f5es de quilombolas, ind\u00edgenas, marisqueiras, pessoas em situa\u00e7\u00e3o de rua, povos de terreiro, entre outros. Os alimentos doados foram arrecadados entre servidores, em secretarias e \u00f3rg\u00e3os p\u00fablicos, e empresas parceiras.<\/h3>\n<h3 style=\"text-align: justify\">Ainda conforme o governador, o Bahia Sem Fome ser\u00e1 oficialmente lan\u00e7ado, ap\u00f3s a aprova\u00e7\u00e3o de Projeto de Lei que o Governo do Estado enviar\u00e1 para aprecia\u00e7\u00e3o na Assembleia Legislativa da Bahia (Alba). \u201cHoje apresentamos a primeira etapa, que \u00e9 o chamamento social. A segunda etapa do programa vai precisar muito dos deputados da Assembleia Legislativa, para transformar isso em lei, pois se n\u00e3o \u00e9 lei, n\u00e3o \u00e9 pol\u00edtica p\u00fablica&#8221;, destacou.<\/h3>\n<h3 style=\"text-align: justify\">De acordo com o coordenador-geral das A\u00e7\u00f5es Estrat\u00e9gicas de Combate \u00e0 Fome, Tiago Pereira, o programa vai abranger um p\u00fablico alvo muito maior quando virar lei. \u201cN\u00f3s estamos elaborando o documento para que o Bahia Sem Fome seja institucionalizado. O documento ir\u00e1 garantir uma rede de equipamentos p\u00fablicos e privados para o combate \u00e0 fome, envolvendo o poder p\u00fablico, a escola p\u00fablica, os bancos de leite materno, iniciativa privada, na agricultura familiar, com os armaz\u00e9ns, as feiras agr\u00edcolas e os centros p\u00fablicos de economia solid\u00e1ria\u201d.<\/h3>\n<h3 style=\"text-align: justify\"><strong>Abastecimento Alimentar<\/strong><\/h3>\n<h3 style=\"text-align: justify\">Como primeira a\u00e7\u00e3o do programa, o Governo do Estado ir\u00e1 realizar uma mobiliza\u00e7\u00e3o de arrecada\u00e7\u00e3o permanente de alimentos em \u00f3rg\u00e3os estaduais, nas sedes das Volunt\u00e1rias Sociais da Bahia (VSBA), do Corpo de Bombeiros, das Pol\u00edcias Civil e Militar, Conder, SineBahia e nos N\u00facleos Territoriais de Educa\u00e7\u00e3o (NTEs) espalhados pelo estado. Postos do SAC, Centros Sociais Urbanos, col\u00e9gios e eventos apoiados pelo Estado, al\u00e9m de empresas e organiza\u00e7\u00f5es da sociedade civil tamb\u00e9m ser\u00e3o pontos de coleta de alimentos. Os itens ser\u00e3o distribu\u00eddos em igrejas, terreiros, centros comunit\u00e1rios e educacionais, sedes de movimentos sociais, Organiza\u00e7\u00f5es da Sociedade Civil, Centros de Refer\u00eancia de Assist\u00eancia Social e Centros de Refer\u00eancia de Assist\u00eancia Social.<\/h3>\n<h3 style=\"text-align: justify\">Para promover a arrecada\u00e7\u00e3o de alimentos, o Governo do Estado realizar\u00e1 eventos como festivais regionais de m\u00fasica, eventos estudantis, na sala de cinema Walter da Silveira e espet\u00e1culos na Concha Ac\u00fastica do Teatro Castro Alves, a exemplo do Show Elas \u00e0 Frente, que ser\u00e1 realizado, na pr\u00f3xima ter\u00e7a-feira (28), e ter\u00e1 a cantora Daniela Mercury entre as atra\u00e7\u00f5es. A iniciativa \u00e9 uma parceria das secretarias estaduais de Pol\u00edticas para as Mulheres (SPM), Educa\u00e7\u00e3o (SEC), Turismo (Setur) e Cultura (Secult), e vai encerrar a programa\u00e7\u00e3o do governo do Mar\u00e7o Mulher, promovendo as a\u00e7\u00f5es do Bahia sem Fome. A entrada do Show Elas \u00e0 Frente ser\u00e1 um quilo de alimento n\u00e3o perec\u00edvel (exceto sal), que vai ser revertido para o programa. O acesso ao show tamb\u00e9m ser\u00e1 garantido a quem doar um pacote de absorvente, que ser\u00e1 destinado \u00e0 campanha em favor da dignidade menstrual.<\/h3>\n<h3 style=\"text-align: justify\">Busca ativa<\/h3>\n<h3 style=\"text-align: justify\">Na segunda a\u00e7\u00e3o do programa, ser\u00e1 realizada a busca ativa de pessoas em situa\u00e7\u00e3o de vulnerabilidade social de forma articulada com a sociedade civil. Nesta fase, haver\u00e1 uma atualiza\u00e7\u00e3o cadastral do Cad\u00fanico, que \u00e9 a porta de entrada para uma s\u00e9rie de programas de transfer\u00eancia de renda desenvolvidos pelas esferas federal, estadual e municipal. O objetivo \u00e9 encontrar, cadastrar e atualizar dados de todas as fam\u00edlias extremamente pobres para que tenham acesso a programas j\u00e1 existentes, como o Bolsa Fam\u00edlia, Bolsa Presen\u00e7a, Bolsa Perman\u00eancia, Mais Estudo, e a programas de Qualifica\u00e7\u00e3o Profissional.<\/h3>\n<h3 style=\"text-align: justify\">A Yalorix\u00e1 do Il\u00ea Ax\u00e9 On\u00e3 Om\u00ed Taf\u00e1 Oy\u00e1, T\u00e2mara Bonfim, foi uma das convidadas para a apresenta\u00e7\u00e3o do programa, e identificou que sua comunidade de terreiros est\u00e1 inclu\u00edda nas a\u00e7\u00f5es programadas. &#8220;O Bahia Sem Fome foge do assistencialismo, \u00e9 um trabalho que infelizmente tem que existir neste momento, mas \u00e9 necess\u00e1rio para manter nosso corpo alimentado e vivo. E n\u00f3s, enquanto povo preto, sabemos o quanto a fome nos atravessa, e para, al\u00e9m disso, no campo espiritual, a alimenta\u00e7\u00e3o e a comida \u00e9 o que me reconecta com meus ancestrais. Espero que, muito em breve, esteja nas cozinhas comunit\u00e1rias e tamb\u00e9m garanta a \u00e1gua tratada para todos os que precisam&#8221;.<\/h3>\n<h3 style=\"text-align: justify\">Eixos de atua\u00e7\u00e3o<\/h3>\n<h3 style=\"text-align: justify\">O programa Bahia Sem Fome \u00e9 uma pol\u00edtica transversal de apoio a produ\u00e7\u00e3o, abastecimento, arrecada\u00e7\u00e3o, distribui\u00e7\u00e3o e acesso \u00e0 alimenta\u00e7\u00e3o saud\u00e1vel. Para atingir esses objetivos macros, o programa foi divido em seis eixos: Inclus\u00e3o Social e Socioprodutiva; Abastecimento alimentar e h\u00eddrico; Acesso a servi\u00e7os p\u00fablicos; Gest\u00e3o do Sisan (Sistema Nacional de Seguran\u00e7a Alimentar e Nutricional) no estado e apoio aos munic\u00edpios; e Participa\u00e7\u00e3o popular e controle social.<\/h3>\n<h3 style=\"text-align: justify\">Uma das prioridades iniciais do Bahia sem Fome \u00e9 promover o abastecimento alimentar, com a doa\u00e7\u00e3o de cestas alimentares e alimentos prontos, estimulando equipamentos p\u00fablicos e integrados de combate \u00e0 fome no \u00e2mbito da assist\u00eancia social, educa\u00e7\u00e3o, sa\u00fade, agricultura familiar e economia solid\u00e1ria. O programa tamb\u00e9m busca fortalecer os sistemas de abastecimento alimentar e estoques estrat\u00e9gicos de alimentos. A articula\u00e7\u00e3o de restaurantes populares \u00e9 uma das estrat\u00e9gias, com o aumento da oferta, para que funcionem tamb\u00e9m durante o per\u00edodo noturno e em finais de semana, al\u00e9m amplia\u00e7\u00e3o das unidades em Salvador e implanta\u00e7\u00e3o de novas unidades em munic\u00edpios-polo.<\/h3>\n<h3 style=\"text-align: justify\">A disponibilidade de \u00e1gua tamb\u00e9m \u00e9 uma preocupa\u00e7\u00e3o do programa, uma vez que a restri\u00e7\u00e3o de acesso \u00e0 \u00e1gua em quantidade e qualidade mant\u00e9m rela\u00e7\u00e3o direta com a inseguran\u00e7a alimentar. Atrav\u00e9s da Secretaria de Infraestrutura e H\u00eddrica e Saneamento (Sihs), o Bahia Sem Fome prop\u00f5e a cria\u00e7\u00e3o de a\u00e7\u00f5es para a disponibilidade de tecnologias sociais de acesso \u00e0 \u00e1gua.<\/h3>\n","protected":false},"excerpt":{"rendered":"<p>Nesta sexta-feira (24), o governador Jer\u00f4nimo Rodrigues apresentou o Programa Bahia Sem Fome, em evento realizado no audit\u00f3rio do Col\u00e9gio Estadual Vila Can\u00e1ria, em Salvador. O programa ir\u00e1 alcan\u00e7ar e dar suporte a cerca de 1,8 milh\u00e3o de cidad\u00e3os que hoje se encontram em situa\u00e7\u00e3o de inseguran\u00e7a alimentar e nutricional, com a execu\u00e7\u00e3o de diversas [&hellip;]<\/p>\n","protected":false},"author":992,"featured_media":171472,"comment_status":"open","ping_status":"closed","sticky":false,"template":"","format":"standard","meta":{"footnotes":"","_links_to":"","_links_to_target":""},"categories":[14],"tags":[],"class_list":["post-171467","post","type-post","status-publish","format-standard","has-post-thumbnail","hentry","category-bahia-geral"],"views":436,"_links":{"self":[{"href":"https:\/\/www.politicosdosuldabahia.com.br\/v1\/wp-json\/wp\/v2\/posts\/171467"}],"collection":[{"href":"https:\/\/www.politicosdosuldabahia.com.br\/v1\/wp-json\/wp\/v2\/posts"}],"about":[{"href":"https:\/\/www.politicosdosuldabahia.com.br\/v1\/wp-json\/wp\/v2\/types\/post"}],"author":[{"embeddable":true,"href":"https:\/\/www.politicosdosuldabahia.com.br\/v1\/wp-json\/wp\/v2\/users\/992"}],"replies":[{"embeddable":true,"href":"https:\/\/www.politicosdosuldabahia.com.br\/v1\/wp-json\/wp\/v2\/comments?post=171467"}],"version-history":[{"count":3,"href":"https:\/\/www.politicosdosuldabahia.com.br\/v1\/wp-json\/wp\/v2\/posts\/171467\/revisions"}],"predecessor-version":[{"id":171473,"href":"https:\/\/www.politicosdosuldabahia.com.br\/v1\/wp-json\/wp\/v2\/posts\/171467\/revisions\/171473"}],"wp:featuredmedia":[{"embeddable":true,"href":"https:\/\/www.politicosdosuldabahia.com.br\/v1\/wp-json\/wp\/v2\/media\/171472"}],"wp:attachment":[{"href":"https:\/\/www.politicosdosuldabahia.com.br\/v1\/wp-json\/wp\/v2\/media?parent=171467"}],"wp:term":[{"taxonomy":"category","embeddable":true,"href":"https:\/\/www.politicosdosuldabahia.com.br\/v1\/wp-json\/wp\/v2\/categories?post=171467"},{"taxonomy":"post_tag","embeddable":true,"href":"https:\/\/www.politicosdosuldabahia.com.br\/v1\/wp-json\/wp\/v2\/tags?post=171467"}],"curies":[{"name":"wp","href":"https:\/\/api.w.org\/{rel}","templated":true}]}}