
{"id":171425,"date":"2023-03-23T22:49:53","date_gmt":"2023-03-24T01:49:53","guid":{"rendered":"http:\/\/www.politicosdosuldabahia.com.br\/v1\/?p=171425"},"modified":"2023-03-23T22:49:53","modified_gmt":"2023-03-24T01:49:53","slug":"e-um-orgulho-sem-tamanho-afirma-jeronimo-em-inauguracao-de-mais-uma-escola-de-tempo-integral-na-bahia-desta-vez-em-ilheus","status":"publish","type":"post","link":"https:\/\/www.politicosdosuldabahia.com.br\/v1\/2023\/03\/23\/e-um-orgulho-sem-tamanho-afirma-jeronimo-em-inauguracao-de-mais-uma-escola-de-tempo-integral-na-bahia-desta-vez-em-ilheus\/","title":{"rendered":"\u201c\u00c9 UM ORGULHO SEM TAMANHO\u201d, AFIRMA JER\u00d4NIMO EM INAUGURA\u00c7\u00c3O DE MAIS UMA ESCOLA DE TEMPO INTEGRAL NA BAHIA, DESTA VEZ EM ILH\u00c9US"},"content":{"rendered":"<p><img loading=\"lazy\" decoding=\"async\" class=\"alignnone size-full wp-image-171426 aligncenter\" src=\"http:\/\/www.politicosdosuldabahia.com.br\/v1\/wp-content\/uploads\/2023\/03\/WhatsApp-Image-2023-03-23-at-20.50.36.jpeg\" alt=\"WhatsApp Image 2023-03-23 at 20.50.36\" width=\"455\" height=\"292\" srcset=\"https:\/\/www.politicosdosuldabahia.com.br\/v1\/wp-content\/uploads\/2023\/03\/WhatsApp-Image-2023-03-23-at-20.50.36.jpeg 455w, https:\/\/www.politicosdosuldabahia.com.br\/v1\/wp-content\/uploads\/2023\/03\/WhatsApp-Image-2023-03-23-at-20.50.36-300x193.jpeg 300w\" sizes=\"(max-width: 455px) 100vw, 455px\" \/><\/p>\n<h3 style=\"text-align: justify\">Uma apresenta\u00e7\u00e3o de dan\u00e7a do grupo Batuca GG e da fanfarra Guerreiros da Bahia, composta por estudantes do Col\u00e9gio Estadual de Tempo Integral Professor Carlos Roberto Arl\u00e9o Barbosa, deu in\u00edcio \u00e0 cerim\u00f4nia de inaugura\u00e7\u00e3o da estrutura educacional, na tarde desta quinta-feira (23), no bairro Barra do Ita\u00edpe, em Ilh\u00e9us. A unidade escolar foi entregue pelo governador Jer\u00f4nimo Rodrigues, que esteve no local acompanhado da secret\u00e1ria estadual da Educa\u00e7\u00e3o, Ad\u00e9lia Pinheiro; e da ministra do Esporte, Ana Moser.<\/h3>\n<h3 style=\"text-align: justify\">Com um investimento de R$ 27 milh\u00f5es do Governo do Estado, por meio da Secretaria da Educa\u00e7\u00e3o, o Col\u00e9gio de Tempo Integral em Ilh\u00e9us faz parte do projeto de requalifica\u00e7\u00e3o das escolas da Rede Estadual de Ensino da Bahia. De acordo com o governador, o equipamento tem import\u00e2ncia n\u00e3o somente para os estudantes e professores, mas para toda a comunidade a qual est\u00e1 inserido. \u201c\u00c9 um orgulho sem tamanho ver esses estudantes aqui hoje encantados com a nova escola. Isso facilita a aprendizagem e atrai os meninos e meninas. A escola tem que ter um visgo, mesmo. Tem que segurar os alunos para que, aqui, eles aprendam e fa\u00e7am outras atividades culturais e de esporte. Al\u00e9m disso, \u00e9 um equipamento que vai servir \u00e0 comunidade. O objetivo \u00e9 que essas escolas tenham um calend\u00e1rio organizado e bem estruturado para visita e uso da popula\u00e7\u00e3o em geral\u201d, detalhou Jer\u00f4nimo.<\/h3>\n<h3 style=\"text-align: justify\">A nova escola conta com 24 salas, quatro laborat\u00f3rios, sala de dan\u00e7a, de m\u00fasica, teatro com capacidade para 175 pessoas, biblioteca, campo de futebol society com pista de atletismo, refeit\u00f3rio, espa\u00e7o maker, quadra poliesportiva coberta com arquibancada, piscina semiol\u00edmpica com vesti\u00e1rio, entre outros espa\u00e7os. A constru\u00e7\u00e3o foi coordenada pela Conder, empresa vinculada \u00e0 Secretaria de Desenvolvimento Urbano do Estado (Sedur). Na cerim\u00f4nia de inaugura\u00e7\u00e3o tamb\u00e9m foi entregue um \u00f4nibus escolar rural para deslocamento dos estudantes de Ilh\u00e9us e localidades pr\u00f3ximas da regi\u00e3o Sul.<\/h3>\n<h3 style=\"text-align: justify\">A secret\u00e1ria Ad\u00e9lia Pinheiro destacou que a escola \u00e9 uma oportunidade para os estudantes produzirem ci\u00eancia e conhecimento. \u201cEstamos em um laborat\u00f3rio, que \u00e9 um exemplo disso. S\u00e3o escolas modernas, com espa\u00e7os amplos e flex\u00edveis para diferentes metodologias. E o que n\u00f3s queremos, mesmo, quando a gente oferece um espa\u00e7o desse, que investimos na valoriza\u00e7\u00e3o do professor, \u00e9 apoiar tamb\u00e9m o estudante. Estamos ampliando pessoal de apoio dispon\u00edvel nas unidades escolares, exatamente, para que o nosso estudante em processo formativo possa ser o que ele escolher ser. Que ao ter habilidades, compet\u00eancias e conhecimentos bem s\u00f3lidos, ele possa escolher e trilhar o pr\u00f3prio caminho\u201d, frisou a gestora da pasta.<\/h3>\n<h3 style=\"text-align: justify\"><strong>Oportunidades<\/strong><\/h3>\n<h3 style=\"text-align: justify\">O Col\u00e9gio Professor Carlos Roberto Arl\u00e9o Barbosa atende estudantes do 9\u00b0 ano do Ensino Fundamental, Ensino M\u00e9dio e Educa\u00e7\u00e3o de Jovens e Adultos (EJA), al\u00e9m de ofertar forma\u00e7\u00e3o t\u00e9cnica em Panifica\u00e7\u00e3o, Administra\u00e7\u00e3o e Inform\u00e1tica, para estudantes que ingressarem no Ensino M\u00e9dio na escola, e tamb\u00e9m para os que j\u00e1 tenham conclu\u00eddo o Ensino M\u00e9dio em qualquer outra unidade escolar.<\/h3>\n<h3 style=\"text-align: justify\">A estudante do terceiro ano, Ianna Clara Lopes, de 16 anos, celebrou a oportunidade de estudar na nova estrutura. \u201cSempre fui estudante de escola p\u00fablica. Minha fam\u00edlia tamb\u00e9m veio de escola p\u00fablica. Ent\u00e3o estamos com muitas expectativas para essa escola. Sem contar que o ensino t\u00e9cnico vai me ajudar muito na minha futura profiss\u00e3o, que ser\u00e1 a Psicologia. Aqui vou estudar administra\u00e7\u00e3o. Vai ser incr\u00edvel! Eu estou assim, sem palavras. S\u00e3o muitas oportunidades que eu posso encontrar no futuro\u201d, vibrou.<\/h3>\n<h3 style=\"text-align: justify\">O governador Jer\u00f4nimo Rodrigues j\u00e1 entregou novas escolas nos munic\u00edpios de Am\u00e9lia Rodrigues, Presidente Dutra, Iraquara, Jaguarari, Tucano, Jaguaripe, Serrol\u00e2ndia, Itabuna e Apor\u00e1, al\u00e9m da amplia\u00e7\u00e3o e moderniza\u00e7\u00e3o de col\u00e9gio estadual na cidade de S\u00e3o Domingos. Outras 350 unidades com a mesma estrutura est\u00e3o em constru\u00e7\u00e3o na Bahia ou sendo ampliados ou modernizados.<\/h3>\n<h3 style=\"text-align: justify\"><strong>Mais esporte<\/strong><\/h3>\n<h3 style=\"text-align: justify\">A presen\u00e7a da ministra do Esporte, Ana Moser, em Ilh\u00e9us, tamb\u00e9m marcou a assinatura de um memorando de entendimentos entre o Estado e o Governo Federal para incentivar \u00e0 cultura do esporte na Bahia. Para isso, ser\u00e1 implementado o Projeto Piloto do Programa Rede de Desenvolvimento do Esporte.<\/h3>\n","protected":false},"excerpt":{"rendered":"<p>Uma apresenta\u00e7\u00e3o de dan\u00e7a do grupo Batuca GG e da fanfarra Guerreiros da Bahia, composta por estudantes do Col\u00e9gio Estadual de Tempo Integral Professor Carlos Roberto Arl\u00e9o Barbosa, deu in\u00edcio \u00e0 cerim\u00f4nia de inaugura\u00e7\u00e3o da estrutura educacional, na tarde desta quinta-feira (23), no bairro Barra do Ita\u00edpe, em Ilh\u00e9us. A unidade escolar foi entregue pelo [&hellip;]<\/p>\n","protected":false},"author":992,"featured_media":171426,"comment_status":"open","ping_status":"closed","sticky":false,"template":"","format":"standard","meta":{"footnotes":"","_links_to":"","_links_to_target":""},"categories":[14],"tags":[],"class_list":["post-171425","post","type-post","status-publish","format-standard","has-post-thumbnail","hentry","category-bahia-geral"],"views":403,"_links":{"self":[{"href":"https:\/\/www.politicosdosuldabahia.com.br\/v1\/wp-json\/wp\/v2\/posts\/171425"}],"collection":[{"href":"https:\/\/www.politicosdosuldabahia.com.br\/v1\/wp-json\/wp\/v2\/posts"}],"about":[{"href":"https:\/\/www.politicosdosuldabahia.com.br\/v1\/wp-json\/wp\/v2\/types\/post"}],"author":[{"embeddable":true,"href":"https:\/\/www.politicosdosuldabahia.com.br\/v1\/wp-json\/wp\/v2\/users\/992"}],"replies":[{"embeddable":true,"href":"https:\/\/www.politicosdosuldabahia.com.br\/v1\/wp-json\/wp\/v2\/comments?post=171425"}],"version-history":[{"count":1,"href":"https:\/\/www.politicosdosuldabahia.com.br\/v1\/wp-json\/wp\/v2\/posts\/171425\/revisions"}],"predecessor-version":[{"id":171427,"href":"https:\/\/www.politicosdosuldabahia.com.br\/v1\/wp-json\/wp\/v2\/posts\/171425\/revisions\/171427"}],"wp:featuredmedia":[{"embeddable":true,"href":"https:\/\/www.politicosdosuldabahia.com.br\/v1\/wp-json\/wp\/v2\/media\/171426"}],"wp:attachment":[{"href":"https:\/\/www.politicosdosuldabahia.com.br\/v1\/wp-json\/wp\/v2\/media?parent=171425"}],"wp:term":[{"taxonomy":"category","embeddable":true,"href":"https:\/\/www.politicosdosuldabahia.com.br\/v1\/wp-json\/wp\/v2\/categories?post=171425"},{"taxonomy":"post_tag","embeddable":true,"href":"https:\/\/www.politicosdosuldabahia.com.br\/v1\/wp-json\/wp\/v2\/tags?post=171425"}],"curies":[{"name":"wp","href":"https:\/\/api.w.org\/{rel}","templated":true}]}}