
{"id":170855,"date":"2023-03-07T22:12:03","date_gmt":"2023-03-08T01:12:03","guid":{"rendered":"http:\/\/www.politicosdosuldabahia.com.br\/v1\/?p=170855"},"modified":"2023-03-07T22:12:03","modified_gmt":"2023-03-08T01:12:03","slug":"rosemberg-pinto-nego-helder-movimentos-sociais-e-estado-debatem-combate-a-fome","status":"publish","type":"post","link":"https:\/\/www.politicosdosuldabahia.com.br\/v1\/2023\/03\/07\/rosemberg-pinto-nego-helder-movimentos-sociais-e-estado-debatem-combate-a-fome\/","title":{"rendered":"ROSEMBERG PINTO, NEGO HELDER, MOVIMENTOS SOCIAIS E ESTADO DEBATEM COMBATE \u00c0 FOME"},"content":{"rendered":"<p>&nbsp;<\/p>\n<h3 style=\"text-align: justify\"><img loading=\"lazy\" decoding=\"async\" class=\"aligncenter wp-image-170857\" src=\"http:\/\/www.politicosdosuldabahia.com.br\/v1\/wp-content\/uploads\/2023\/03\/WhatsApp-Image-2023-03-07-at-20.03.40.jpeg\" alt=\"WhatsApp Image 2023-03-07 at 20.03.40\" width=\"455\" height=\"270\" srcset=\"https:\/\/www.politicosdosuldabahia.com.br\/v1\/wp-content\/uploads\/2023\/03\/WhatsApp-Image-2023-03-07-at-20.03.40.jpeg 1024w, https:\/\/www.politicosdosuldabahia.com.br\/v1\/wp-content\/uploads\/2023\/03\/WhatsApp-Image-2023-03-07-at-20.03.40-300x178.jpeg 300w, https:\/\/www.politicosdosuldabahia.com.br\/v1\/wp-content\/uploads\/2023\/03\/WhatsApp-Image-2023-03-07-at-20.03.40-768x456.jpeg 768w\" sizes=\"(max-width: 455px) 100vw, 455px\" \/><\/h3>\n<h3 style=\"text-align: justify\">Os petistas deputado Rosemberg Pinto e vereador Nego Elder, respectivamente, l\u00edder do governo na Assembleia Legislativa da Bahia (Alba) e presidente da C\u00e2mara de Vereadores de Pau Brasil, dialogaram, nesta ter\u00e7a-feira (7), no Legislativo baiano, com grupo de trabalho da Frente Social Rural e Urbana (FSRU), que representa 41 movimentos sociais do campo e da cidade.<\/h3>\n<h3 style=\"text-align: justify\">As a\u00e7\u00f5es do Governo do Estado para combater a fome, via apoio \u00e0 produ\u00e7\u00e3o de alimentos dos movimentos organizados e a reformula\u00e7\u00e3o do Programa de Aquisi\u00e7\u00e3o de Alimentos (PAA), com forma\u00e7\u00e3o de estoque e a compra antecipada para garantir capital de giro para a produ\u00e7\u00e3o de alimentos e educa\u00e7\u00e3o no campo foram as principais pautas.<\/h3>\n<h3 style=\"text-align: justify\">O parlamentar\u00a0 comprometeu-se a articular audi\u00eancias dos movimentos sociais com o governador Jer\u00f4nimo Rodrigues \u00e9 as pastas estaduais de Desenvolvimento Rural e da Educa\u00e7\u00e3o, ainda vai elaborar um Projeto de Lei para auxiliar a regulariza\u00e7\u00e3o de entidades para firmarem conv\u00eanio com o Estado.<\/h3>\n<h3 style=\"text-align: justify\">\u201c\u00c9 inimagin\u00e1vel a quantidade de pessoas que ainda passam fome no pa\u00eds, isso \u00e9 lament\u00e1vel! Passamos quatro anos vivendo uma dificuldade por conta de um governo irrespons\u00e1vel, que n\u00e3o gosta de cuidar de gente, que passou a vida inteira tentando roubar a popula\u00e7\u00e3o brasileira e como n\u00e3o se bastasse, nas p\u00e1ginas dos jornais do Brasil e do mundo inteiro a tentativa de roubar um presente ofertado \u00e0 na\u00e7\u00e3o\u201d, declarou Rosemberg no plen\u00e1rio da Alba, ap\u00f3s a reuni\u00e3o.<\/h3>\n<h3 style=\"text-align: justify\">Rosemberg ainda usou a tribuna para convocar a uni\u00e3o dos seus pares e da sociedade visando o combate a fome, na sua avalia\u00e7\u00e3o o retorno de Lula \u00e0 presid\u00eancia \u00e9 oportuno. &#8220;A fome n\u00e3o espera, n\u00e3o podemos deix\u00e1-la para amanh\u00e3 e eu gostaria que gente se juntasse no sentido de superar aquilo que o governo que nos deixou, gra\u00e7as a Deus e pela vontade da popula\u00e7\u00e3o brasileira\u201d, destacou.<\/h3>\n<h3 style=\"text-align: justify\">Por sua vez, o edil de Pau Brasil, Nego Elder, refor\u00e7ou que \u201co Estado tem que voltar a ter um olhar para os movimentos sociais, n\u00f3s precisamos atacar o tema da fome unidos&#8221; .<\/h3>\n<h3 style=\"text-align: justify\">Tamb\u00e9m participaram da reuni\u00e3o o coordenador estadual do Movimento de Lula pela Terra, Carlos Alberto \u201cGarotinho\u201d, o assessor especial da SERIN, Breno Valadares e o superintendente da superintendente da Bahiater (Superintend\u00eancia Baiana de Assist\u00eancia T\u00e9cnica e Extens\u00e3o Rural), Lanns Almeida.<\/h3>\n<p>&nbsp;<\/p>\n<p>&nbsp;<\/p>\n","protected":false},"excerpt":{"rendered":"<p>&nbsp; Os petistas deputado Rosemberg Pinto e vereador Nego Elder, respectivamente, l\u00edder do governo na Assembleia Legislativa da Bahia (Alba) e presidente da C\u00e2mara de Vereadores de Pau Brasil, dialogaram, nesta ter\u00e7a-feira (7), no Legislativo baiano, com grupo de trabalho da Frente Social Rural e Urbana (FSRU), que representa 41 movimentos sociais do campo e [&hellip;]<\/p>\n","protected":false},"author":992,"featured_media":170857,"comment_status":"open","ping_status":"closed","sticky":false,"template":"","format":"standard","meta":{"footnotes":"","_links_to":"","_links_to_target":""},"categories":[14,4],"tags":[],"class_list":["post-170855","post","type-post","status-publish","format-standard","has-post-thumbnail","hentry","category-bahia-geral","category-politica"],"views":514,"_links":{"self":[{"href":"https:\/\/www.politicosdosuldabahia.com.br\/v1\/wp-json\/wp\/v2\/posts\/170855"}],"collection":[{"href":"https:\/\/www.politicosdosuldabahia.com.br\/v1\/wp-json\/wp\/v2\/posts"}],"about":[{"href":"https:\/\/www.politicosdosuldabahia.com.br\/v1\/wp-json\/wp\/v2\/types\/post"}],"author":[{"embeddable":true,"href":"https:\/\/www.politicosdosuldabahia.com.br\/v1\/wp-json\/wp\/v2\/users\/992"}],"replies":[{"embeddable":true,"href":"https:\/\/www.politicosdosuldabahia.com.br\/v1\/wp-json\/wp\/v2\/comments?post=170855"}],"version-history":[{"count":1,"href":"https:\/\/www.politicosdosuldabahia.com.br\/v1\/wp-json\/wp\/v2\/posts\/170855\/revisions"}],"predecessor-version":[{"id":170859,"href":"https:\/\/www.politicosdosuldabahia.com.br\/v1\/wp-json\/wp\/v2\/posts\/170855\/revisions\/170859"}],"wp:featuredmedia":[{"embeddable":true,"href":"https:\/\/www.politicosdosuldabahia.com.br\/v1\/wp-json\/wp\/v2\/media\/170857"}],"wp:attachment":[{"href":"https:\/\/www.politicosdosuldabahia.com.br\/v1\/wp-json\/wp\/v2\/media?parent=170855"}],"wp:term":[{"taxonomy":"category","embeddable":true,"href":"https:\/\/www.politicosdosuldabahia.com.br\/v1\/wp-json\/wp\/v2\/categories?post=170855"},{"taxonomy":"post_tag","embeddable":true,"href":"https:\/\/www.politicosdosuldabahia.com.br\/v1\/wp-json\/wp\/v2\/tags?post=170855"}],"curies":[{"name":"wp","href":"https:\/\/api.w.org\/{rel}","templated":true}]}}