
{"id":170700,"date":"2023-03-01T16:40:23","date_gmt":"2023-03-01T19:40:23","guid":{"rendered":"http:\/\/www.politicosdosuldabahia.com.br\/v1\/?p=170700"},"modified":"2023-03-01T16:40:23","modified_gmt":"2023-03-01T19:40:23","slug":"qualidade-consolidada-unidades-da-fundacao-jose-silveira-obtem-certificacao-por-alto-padrao-da-assistencia","status":"publish","type":"post","link":"https:\/\/www.politicosdosuldabahia.com.br\/v1\/2023\/03\/01\/qualidade-consolidada-unidades-da-fundacao-jose-silveira-obtem-certificacao-por-alto-padrao-da-assistencia\/","title":{"rendered":"QUALIDADE CONSOLIDADA: UNIDADES DA FUNDA\u00c7\u00c3O JOS\u00c9 SILVEIRA OBT\u00caM CERTIFICA\u00c7\u00c3O POR ALTO PADR\u00c3O DA ASSIST\u00caNCIA"},"content":{"rendered":"<h3><img loading=\"lazy\" decoding=\"async\" class=\"alignnone size-full wp-image-170701 aligncenter\" src=\"http:\/\/www.politicosdosuldabahia.com.br\/v1\/wp-content\/uploads\/2023\/03\/WhatsApp-Image-2023-03-01-at-16.18.22.jpeg\" alt=\"WhatsApp Image 2023-03-01 at 16.18.22\" width=\"455\" height=\"255\" srcset=\"https:\/\/www.politicosdosuldabahia.com.br\/v1\/wp-content\/uploads\/2023\/03\/WhatsApp-Image-2023-03-01-at-16.18.22.jpeg 455w, https:\/\/www.politicosdosuldabahia.com.br\/v1\/wp-content\/uploads\/2023\/03\/WhatsApp-Image-2023-03-01-at-16.18.22-300x168.jpeg 300w\" sizes=\"(max-width: 455px) 100vw, 455px\" \/><\/h3>\n<h3 style=\"text-align: justify\">Pela primeira vez no pa\u00eds, duas institui\u00e7\u00f5es de sa\u00fade passaram simultaneamente pelo processo de Acredita\u00e7\u00e3o Hospitalar. O Hospital Santo Amaro, em Salvador, e a Santa Casa Hospital S\u00e3o Judas Tadeu, em Jequi\u00e9, atenderam a rigorosos requisitos associados \u00e0 governan\u00e7a corporativa, qualidade e seguran\u00e7a assistencial, conquistando os Selos de Integridade e Acreditado com Excel\u00eancia &#8211; ONA 3. &#8220;O fato in\u00e9dito evidencia o atendimento de alto padr\u00e3o prestado aos pacientes por ambas unidades, porque comprova e reconhece o compromisso com a \u00e9tica, transpar\u00eancia da gest\u00e3o, responsabilidade social e, tamb\u00e9m, excel\u00eancia no cuidado&#8221;, afirma Eduarda Carvalho, gerente da Qualidade, \u00e1rea corporativa da Funda\u00e7\u00e3o Jos\u00e9 Silveira.<\/h3>\n<h3 style=\"text-align: justify\">Para Carlos Dumet, superintendente administrativo e financeiro da Institui\u00e7\u00e3o, as certifica\u00e7\u00f5es refor\u00e7am o legado institucional de inova\u00e7\u00e3o na sa\u00fade. \u201cH\u00e1 35 e 13 anos, o Hospital Santo Amaro e a Santa Casa de Jequi\u00e9, respectivamente, prezam pela melhoria cont\u00ednua, aliando modernidade e humaniza\u00e7\u00e3o\u201d.<\/h3>\n<h3 style=\"text-align: justify\">O processo de Acredita\u00e7\u00e3o \u00e9 um direcionamento estrat\u00e9gico, que n\u00e3o faz distin\u00e7\u00e3o entre os perfis das unidades. \u201cReafirmamos nosso compromisso com a presta\u00e7\u00e3o de servi\u00e7os cada vez mais qualificados e seguros, em prol da popula\u00e7\u00e3o baiana\u201d, conclui Leila Brito, gestora do N\u00facleo de Desenvolvimento Estrat\u00e9gico Assistencial e Inova\u00e7\u00e3o.<\/h3>\n","protected":false},"excerpt":{"rendered":"<p>Pela primeira vez no pa\u00eds, duas institui\u00e7\u00f5es de sa\u00fade passaram simultaneamente pelo processo de Acredita\u00e7\u00e3o Hospitalar. O Hospital Santo Amaro, em Salvador, e a Santa Casa Hospital S\u00e3o Judas Tadeu, em Jequi\u00e9, atenderam a rigorosos requisitos associados \u00e0 governan\u00e7a corporativa, qualidade e seguran\u00e7a assistencial, conquistando os Selos de Integridade e Acreditado com Excel\u00eancia &#8211; ONA [&hellip;]<\/p>\n","protected":false},"author":992,"featured_media":170701,"comment_status":"open","ping_status":"closed","sticky":false,"template":"","format":"standard","meta":{"footnotes":"","_links_to":"","_links_to_target":""},"categories":[14],"tags":[],"class_list":["post-170700","post","type-post","status-publish","format-standard","has-post-thumbnail","hentry","category-bahia-geral"],"views":460,"_links":{"self":[{"href":"https:\/\/www.politicosdosuldabahia.com.br\/v1\/wp-json\/wp\/v2\/posts\/170700"}],"collection":[{"href":"https:\/\/www.politicosdosuldabahia.com.br\/v1\/wp-json\/wp\/v2\/posts"}],"about":[{"href":"https:\/\/www.politicosdosuldabahia.com.br\/v1\/wp-json\/wp\/v2\/types\/post"}],"author":[{"embeddable":true,"href":"https:\/\/www.politicosdosuldabahia.com.br\/v1\/wp-json\/wp\/v2\/users\/992"}],"replies":[{"embeddable":true,"href":"https:\/\/www.politicosdosuldabahia.com.br\/v1\/wp-json\/wp\/v2\/comments?post=170700"}],"version-history":[{"count":1,"href":"https:\/\/www.politicosdosuldabahia.com.br\/v1\/wp-json\/wp\/v2\/posts\/170700\/revisions"}],"predecessor-version":[{"id":170702,"href":"https:\/\/www.politicosdosuldabahia.com.br\/v1\/wp-json\/wp\/v2\/posts\/170700\/revisions\/170702"}],"wp:featuredmedia":[{"embeddable":true,"href":"https:\/\/www.politicosdosuldabahia.com.br\/v1\/wp-json\/wp\/v2\/media\/170701"}],"wp:attachment":[{"href":"https:\/\/www.politicosdosuldabahia.com.br\/v1\/wp-json\/wp\/v2\/media?parent=170700"}],"wp:term":[{"taxonomy":"category","embeddable":true,"href":"https:\/\/www.politicosdosuldabahia.com.br\/v1\/wp-json\/wp\/v2\/categories?post=170700"},{"taxonomy":"post_tag","embeddable":true,"href":"https:\/\/www.politicosdosuldabahia.com.br\/v1\/wp-json\/wp\/v2\/tags?post=170700"}],"curies":[{"name":"wp","href":"https:\/\/api.w.org\/{rel}","templated":true}]}}