
{"id":170697,"date":"2023-03-01T16:38:43","date_gmt":"2023-03-01T19:38:43","guid":{"rendered":"http:\/\/www.politicosdosuldabahia.com.br\/v1\/?p=170697"},"modified":"2023-03-01T16:38:43","modified_gmt":"2023-03-01T19:38:43","slug":"acm-neto-critica-indices-de-violencia-na-bahia-os-numeros-sao-alarmantes","status":"publish","type":"post","link":"https:\/\/www.politicosdosuldabahia.com.br\/v1\/2023\/03\/01\/acm-neto-critica-indices-de-violencia-na-bahia-os-numeros-sao-alarmantes\/","title":{"rendered":"ACM NETO CRITICA \u00cdNDICES DE VIOL\u00caNCIA NA BAHIA: &#8220;OS N\u00daMEROS S\u00c3O ALARMANTES&#8221;"},"content":{"rendered":"<h4 style=\"text-align: center\"><strong><em>Ex-prefeito de Salvador questionou falta de a\u00e7\u00e3o do Governo do Estado; Bahia tem maior n\u00famero de mortes violentas em todo o pa\u00eds pela 4\u00aa vez consecutiva<\/em><\/strong><\/h4>\n<p><img loading=\"lazy\" decoding=\"async\" class=\"wp-image-170698 aligncenter\" src=\"http:\/\/www.politicosdosuldabahia.com.br\/v1\/wp-content\/uploads\/2023\/03\/ACMNeto-e1594402816888.jpg\" alt=\"ACMNeto-e1594402816888\" width=\"451\" height=\"455\" \/><\/p>\n<h3 style=\"text-align: justify\">O ex-prefeito de Salvador e secret\u00e1rio-geral do Uni\u00e3o Brasil, ACM Neto, criticou nesta quarta-feira (01) os altos \u00edndices de viol\u00eancia registrados na Bahia. De acordo com o Monitor da Viol\u00eancia, o estado lidera o n\u00famero de mortes violentas, pelo quarto ano consecutivo, de todo o pa\u00eds.<\/h3>\n<h3 style=\"text-align: justify\">ACM Neto ressaltou, em publica\u00e7\u00e3o nas redes sociais, que os n\u00fameros s\u00e3o &#8220;alarmantes&#8221;, e que \u00e9 preciso uma rea\u00e7\u00e3o imediata do Governo do Estado a fim de solucionar os graves problemas da seguran\u00e7a p\u00fablica na Bahia.<\/h3>\n<h3 style=\"text-align: justify\">&#8220;A gente v\u00ea que esses n\u00fameros s\u00e3o alarmantes. Comparando, por exemplo, com a Guerra da Ucr\u00e2nia, foram assassinadas, por habitante, um n\u00famero maior de pessoas na Bahia do que na pr\u00f3pria guerra. E essa \u00e9 a sensa\u00e7\u00e3o, esse \u00e9 o sentimento que as pessoas t\u00eam no dia a dia do nosso estado. Do aumento da inseguran\u00e7a, de que a viol\u00eancia se aproxima da sua fam\u00edlia&#8221;, destacou.<\/h3>\n<h3 style=\"text-align: justify\">Neto questionou ainda as atitudes do Governo do Estado, grupo que est\u00e1 na gest\u00e3o da Bahia h\u00e1 17 anos e ainda n\u00e3o conseguiu criar a\u00e7\u00f5es efetivas de combate \u00e0 criminalidade. Para o ex-prefeito da capital baiana, n\u00e3o d\u00e1 mais para &#8220;encobrir o que est\u00e1 acontecendo&#8221;.<\/h3>\n<h3 style=\"text-align: justify\">&#8220;O governador criticou a imprensa porque divulgou dados e fatos sobre a viol\u00eancia em nosso estado. N\u00f3s esperamos outro tipo de postura do governador. Ao inv\u00e9s de querer encobrir o que est\u00e1 acontecendo, \u00e9 preciso a\u00e7\u00e3o, \u00e9 preciso rea\u00e7\u00e3o, \u00e9 preciso imediata atividade do governo do Estado para enfrentar o crime, para colocar bandido na cadeira e para devolver a paz e a seguran\u00e7a ao nosso cidad\u00e3o&#8221;, enfatizou ACM Neto.<\/h3>\n<h3 style=\"text-align: justify\">\ud83d\udccc Para acessar a \u00edntegra da publica\u00e7\u00e3o, acesse: https:\/\/www.instagram.com\/p\/CpQQl3XJfOQ\/<\/h3>\n","protected":false},"excerpt":{"rendered":"<p>Ex-prefeito de Salvador questionou falta de a\u00e7\u00e3o do Governo do Estado; Bahia tem maior n\u00famero de mortes violentas em todo o pa\u00eds pela 4\u00aa vez consecutiva O ex-prefeito de Salvador e secret\u00e1rio-geral do Uni\u00e3o Brasil, ACM Neto, criticou nesta quarta-feira (01) os altos \u00edndices de viol\u00eancia registrados na Bahia. De acordo com o Monitor da [&hellip;]<\/p>\n","protected":false},"author":992,"featured_media":170698,"comment_status":"open","ping_status":"closed","sticky":false,"template":"","format":"standard","meta":{"footnotes":"","_links_to":"","_links_to_target":""},"categories":[14,4],"tags":[],"class_list":["post-170697","post","type-post","status-publish","format-standard","has-post-thumbnail","hentry","category-bahia-geral","category-politica"],"views":471,"_links":{"self":[{"href":"https:\/\/www.politicosdosuldabahia.com.br\/v1\/wp-json\/wp\/v2\/posts\/170697"}],"collection":[{"href":"https:\/\/www.politicosdosuldabahia.com.br\/v1\/wp-json\/wp\/v2\/posts"}],"about":[{"href":"https:\/\/www.politicosdosuldabahia.com.br\/v1\/wp-json\/wp\/v2\/types\/post"}],"author":[{"embeddable":true,"href":"https:\/\/www.politicosdosuldabahia.com.br\/v1\/wp-json\/wp\/v2\/users\/992"}],"replies":[{"embeddable":true,"href":"https:\/\/www.politicosdosuldabahia.com.br\/v1\/wp-json\/wp\/v2\/comments?post=170697"}],"version-history":[{"count":1,"href":"https:\/\/www.politicosdosuldabahia.com.br\/v1\/wp-json\/wp\/v2\/posts\/170697\/revisions"}],"predecessor-version":[{"id":170699,"href":"https:\/\/www.politicosdosuldabahia.com.br\/v1\/wp-json\/wp\/v2\/posts\/170697\/revisions\/170699"}],"wp:featuredmedia":[{"embeddable":true,"href":"https:\/\/www.politicosdosuldabahia.com.br\/v1\/wp-json\/wp\/v2\/media\/170698"}],"wp:attachment":[{"href":"https:\/\/www.politicosdosuldabahia.com.br\/v1\/wp-json\/wp\/v2\/media?parent=170697"}],"wp:term":[{"taxonomy":"category","embeddable":true,"href":"https:\/\/www.politicosdosuldabahia.com.br\/v1\/wp-json\/wp\/v2\/categories?post=170697"},{"taxonomy":"post_tag","embeddable":true,"href":"https:\/\/www.politicosdosuldabahia.com.br\/v1\/wp-json\/wp\/v2\/tags?post=170697"}],"curies":[{"name":"wp","href":"https:\/\/api.w.org\/{rel}","templated":true}]}}