
{"id":170620,"date":"2023-02-27T15:56:33","date_gmt":"2023-02-27T18:56:33","guid":{"rendered":"http:\/\/www.politicosdosuldabahia.com.br\/v1\/?p=170620"},"modified":"2023-02-27T15:56:33","modified_gmt":"2023-02-27T18:56:33","slug":"pl-comeca-a-se-estruturar-para-fazer-bonito-nas-eleicoes-do-ano-que-vem-diz-roma","status":"publish","type":"post","link":"https:\/\/www.politicosdosuldabahia.com.br\/v1\/2023\/02\/27\/pl-comeca-a-se-estruturar-para-fazer-bonito-nas-eleicoes-do-ano-que-vem-diz-roma\/","title":{"rendered":"\u201cPL COME\u00c7A A SE ESTRUTURAR PARA FAZER BONITO NAS ELEI\u00c7\u00d5ES DO ANO QUE VEM\u201d, DIZ ROMA"},"content":{"rendered":"<h3 style=\"text-align: justify\"><img loading=\"lazy\" decoding=\"async\" class=\"size-full wp-image-170621 aligncenter\" src=\"http:\/\/www.politicosdosuldabahia.com.br\/v1\/wp-content\/uploads\/2023\/02\/WhatsApp-Image-2023-02-27-at-14.08.12.jpeg\" alt=\"WhatsApp Image 2023-02-27 at 14.08.12\" width=\"455\" height=\"341\" srcset=\"https:\/\/www.politicosdosuldabahia.com.br\/v1\/wp-content\/uploads\/2023\/02\/WhatsApp-Image-2023-02-27-at-14.08.12.jpeg 455w, https:\/\/www.politicosdosuldabahia.com.br\/v1\/wp-content\/uploads\/2023\/02\/WhatsApp-Image-2023-02-27-at-14.08.12-300x225.jpeg 300w, https:\/\/www.politicosdosuldabahia.com.br\/v1\/wp-content\/uploads\/2023\/02\/WhatsApp-Image-2023-02-27-at-14.08.12-400x300.jpeg 400w\" sizes=\"(max-width: 455px) 100vw, 455px\" \/><br \/>\nA reestrutura\u00e7\u00e3o dos diret\u00f3rios municipais \u00e9 a prioridade do PL este ano. A decis\u00e3o foi tomada na primeira reuni\u00e3o da Executiva Estadual, realizada nesta segunda-feira (27), na sede do partido, em Salvador. Para o presidente estadual Jo\u00e3o Roma, o encontro foi o pontap\u00e9 inicial para colocar o PL na Bahia do tamanho que tem no Brasil. \u201cO maior partido nacional vai se organizar para fazer bonito nas elei\u00e7\u00f5es municipais do ano que vem, com candidaturas competitivas na maioria das cidades baianas\u201d.<\/p>\n<p>Em conjunto com a Executiva, que contou com a participa\u00e7\u00e3o dos deputados federais Roberta Roma, Capit\u00e3o Alden e Jonga Bacelar, e os estaduais Diego Castro, Raimundinho da JR e Leandro de Jesus, Roma definiu j\u00e1 promover reuni\u00f5es regionais para a organiza\u00e7\u00e3o dos diret\u00f3rios de cada cidade. \u201cOs deputados ser\u00e3o ouvidos na organiza\u00e7\u00e3o dos diret\u00f3rios\u201d, adiantou.<\/p>\n<p>Na reuni\u00e3o inaugural dos trabalhos para este ano, ficou consensuado que o partido na Bahia seguir\u00e1 a diretriz nacional de oposi\u00e7\u00e3o ao PT. Isso, no entanto, n\u00e3o imp\u00f5e que os deputados eleitos conduzam seus mandatos seguindo piamente essa posi\u00e7\u00e3o. \u201cOs parlamentares falam por seus mandatos\u201d, observou Roma.<\/p>\n<p>Estiveram tamb\u00e9m presentes ao encontro a vice-presidente estadual do partido, Dra. Raissa Soares, e demais membros da Executiva, a exemplo, do suplente a deputado federal Capit\u00e3o Porci\u00fancula, o ex-prefeito de Ourol\u00e2ndia, Antonio Ara\u00fajo, o Comandante Rangel, o ex-prefeito de Amargosa, Rosalvinho, e Eduardo Umbelino, de Pojuca.<\/h3>\n","protected":false},"excerpt":{"rendered":"<p>A reestrutura\u00e7\u00e3o dos diret\u00f3rios municipais \u00e9 a prioridade do PL este ano. A decis\u00e3o foi tomada na primeira reuni\u00e3o da Executiva Estadual, realizada nesta segunda-feira (27), na sede do partido, em Salvador. Para o presidente estadual Jo\u00e3o Roma, o encontro foi o pontap\u00e9 inicial para colocar o PL na Bahia do tamanho que tem no [&hellip;]<\/p>\n","protected":false},"author":992,"featured_media":170621,"comment_status":"open","ping_status":"closed","sticky":false,"template":"","format":"standard","meta":{"footnotes":"","_links_to":"","_links_to_target":""},"categories":[14,4],"tags":[],"class_list":["post-170620","post","type-post","status-publish","format-standard","has-post-thumbnail","hentry","category-bahia-geral","category-politica"],"views":545,"_links":{"self":[{"href":"https:\/\/www.politicosdosuldabahia.com.br\/v1\/wp-json\/wp\/v2\/posts\/170620"}],"collection":[{"href":"https:\/\/www.politicosdosuldabahia.com.br\/v1\/wp-json\/wp\/v2\/posts"}],"about":[{"href":"https:\/\/www.politicosdosuldabahia.com.br\/v1\/wp-json\/wp\/v2\/types\/post"}],"author":[{"embeddable":true,"href":"https:\/\/www.politicosdosuldabahia.com.br\/v1\/wp-json\/wp\/v2\/users\/992"}],"replies":[{"embeddable":true,"href":"https:\/\/www.politicosdosuldabahia.com.br\/v1\/wp-json\/wp\/v2\/comments?post=170620"}],"version-history":[{"count":1,"href":"https:\/\/www.politicosdosuldabahia.com.br\/v1\/wp-json\/wp\/v2\/posts\/170620\/revisions"}],"predecessor-version":[{"id":170622,"href":"https:\/\/www.politicosdosuldabahia.com.br\/v1\/wp-json\/wp\/v2\/posts\/170620\/revisions\/170622"}],"wp:featuredmedia":[{"embeddable":true,"href":"https:\/\/www.politicosdosuldabahia.com.br\/v1\/wp-json\/wp\/v2\/media\/170621"}],"wp:attachment":[{"href":"https:\/\/www.politicosdosuldabahia.com.br\/v1\/wp-json\/wp\/v2\/media?parent=170620"}],"wp:term":[{"taxonomy":"category","embeddable":true,"href":"https:\/\/www.politicosdosuldabahia.com.br\/v1\/wp-json\/wp\/v2\/categories?post=170620"},{"taxonomy":"post_tag","embeddable":true,"href":"https:\/\/www.politicosdosuldabahia.com.br\/v1\/wp-json\/wp\/v2\/tags?post=170620"}],"curies":[{"name":"wp","href":"https:\/\/api.w.org\/{rel}","templated":true}]}}