
{"id":170608,"date":"2023-02-27T11:32:07","date_gmt":"2023-02-27T14:32:07","guid":{"rendered":"http:\/\/www.politicosdosuldabahia.com.br\/v1\/?p=170608"},"modified":"2023-02-27T11:48:44","modified_gmt":"2023-02-27T14:48:44","slug":"mst-invade-terras-de-grande-empresa-no-extremo-sul-da-bahia","status":"publish","type":"post","link":"https:\/\/www.politicosdosuldabahia.com.br\/v1\/2023\/02\/27\/mst-invade-terras-de-grande-empresa-no-extremo-sul-da-bahia\/","title":{"rendered":"MST INVADE TERRAS DE GRANDE EMPRESA NO EXTREMO-SUL DA BAHIA"},"content":{"rendered":"<h4 class=\"lead\" style=\"text-align: center\"><em><strong>Mais de 1.500 militantes do MST invadiram terras em tr\u00eas munic\u00edpios no extremo-sul da Bahia<\/strong><\/em><\/h4>\n<h3 style=\"text-align: justify\"><img loading=\"lazy\" decoding=\"async\" class=\"wp-image-170609 aligncenter\" src=\"http:\/\/www.politicosdosuldabahia.com.br\/v1\/wp-content\/uploads\/2023\/02\/whatsapp_image_2023-02-27_at_08.32.25_widelg.jpeg\" alt=\"whatsapp_image_2023-02-27_at_08.32.25_widelg\" width=\"455\" height=\"256\" srcset=\"https:\/\/www.politicosdosuldabahia.com.br\/v1\/wp-content\/uploads\/2023\/02\/whatsapp_image_2023-02-27_at_08.32.25_widelg.jpeg 800w, https:\/\/www.politicosdosuldabahia.com.br\/v1\/wp-content\/uploads\/2023\/02\/whatsapp_image_2023-02-27_at_08.32.25_widelg-300x169.jpeg 300w, https:\/\/www.politicosdosuldabahia.com.br\/v1\/wp-content\/uploads\/2023\/02\/whatsapp_image_2023-02-27_at_08.32.25_widelg-768x432.jpeg 768w\" sizes=\"(max-width: 455px) 100vw, 455px\" \/><\/h3>\n<h3 style=\"text-align: justify\">Um grupo com mais de 1.500 militantes do\u00a0MOvimento dos Sem Terra &#8211; MST\u00a0invadiu, na madrugada desta segunda-feira (27), \u00e1reas de uma grande empresa que atua no segmento de papel e celulose localizada no extremo-sul da Bahia.<\/h3>\n<h3 style=\"text-align: justify\">Segundo a p\u00e1gina a Voz do Movimento, os membros ocuparam tr\u00eas \u00e1reas da Suzano pr\u00f3ximas aos munic\u00edpios de Teixeira de Freitas, Mucuri e Caravelas.<\/h3>\n<h4><em><strong>Com informa\u00e7\u00f5es do BNews<\/strong><\/em><\/h4>\n","protected":false},"excerpt":{"rendered":"<p>Mais de 1.500 militantes do MST invadiram terras em tr\u00eas munic\u00edpios no extremo-sul da Bahia Um grupo com mais de 1.500 militantes do\u00a0MOvimento dos Sem Terra &#8211; MST\u00a0invadiu, na madrugada desta segunda-feira (27), \u00e1reas de uma grande empresa que atua no segmento de papel e celulose localizada no extremo-sul da Bahia. Segundo a p\u00e1gina a [&hellip;]<\/p>\n","protected":false},"author":992,"featured_media":170609,"comment_status":"open","ping_status":"closed","sticky":false,"template":"","format":"standard","meta":{"footnotes":"","_links_to":"","_links_to_target":""},"categories":[14,3],"tags":[],"class_list":["post-170608","post","type-post","status-publish","format-standard","has-post-thumbnail","hentry","category-bahia-geral","category-cidades"],"views":1259,"_links":{"self":[{"href":"https:\/\/www.politicosdosuldabahia.com.br\/v1\/wp-json\/wp\/v2\/posts\/170608"}],"collection":[{"href":"https:\/\/www.politicosdosuldabahia.com.br\/v1\/wp-json\/wp\/v2\/posts"}],"about":[{"href":"https:\/\/www.politicosdosuldabahia.com.br\/v1\/wp-json\/wp\/v2\/types\/post"}],"author":[{"embeddable":true,"href":"https:\/\/www.politicosdosuldabahia.com.br\/v1\/wp-json\/wp\/v2\/users\/992"}],"replies":[{"embeddable":true,"href":"https:\/\/www.politicosdosuldabahia.com.br\/v1\/wp-json\/wp\/v2\/comments?post=170608"}],"version-history":[{"count":3,"href":"https:\/\/www.politicosdosuldabahia.com.br\/v1\/wp-json\/wp\/v2\/posts\/170608\/revisions"}],"predecessor-version":[{"id":170616,"href":"https:\/\/www.politicosdosuldabahia.com.br\/v1\/wp-json\/wp\/v2\/posts\/170608\/revisions\/170616"}],"wp:featuredmedia":[{"embeddable":true,"href":"https:\/\/www.politicosdosuldabahia.com.br\/v1\/wp-json\/wp\/v2\/media\/170609"}],"wp:attachment":[{"href":"https:\/\/www.politicosdosuldabahia.com.br\/v1\/wp-json\/wp\/v2\/media?parent=170608"}],"wp:term":[{"taxonomy":"category","embeddable":true,"href":"https:\/\/www.politicosdosuldabahia.com.br\/v1\/wp-json\/wp\/v2\/categories?post=170608"},{"taxonomy":"post_tag","embeddable":true,"href":"https:\/\/www.politicosdosuldabahia.com.br\/v1\/wp-json\/wp\/v2\/tags?post=170608"}],"curies":[{"name":"wp","href":"https:\/\/api.w.org\/{rel}","templated":true}]}}