
{"id":170582,"date":"2023-02-26T14:58:51","date_gmt":"2023-02-26T17:58:51","guid":{"rendered":"http:\/\/www.politicosdosuldabahia.com.br\/v1\/?p=170582"},"modified":"2023-02-26T14:58:51","modified_gmt":"2023-02-26T17:58:51","slug":"rosemberg-repudia-ataque-contra-aline-peixoto","status":"publish","type":"post","link":"https:\/\/www.politicosdosuldabahia.com.br\/v1\/2023\/02\/26\/rosemberg-repudia-ataque-contra-aline-peixoto\/","title":{"rendered":"ROSEMBERG REPUDIA ATAQUE CONTRA ALINE PEIXOTO"},"content":{"rendered":"<p>&nbsp;<\/p>\n<h3 style=\"text-align: justify\"><img loading=\"lazy\" decoding=\"async\" class=\"aligncenter wp-image-170583\" src=\"http:\/\/www.politicosdosuldabahia.com.br\/v1\/wp-content\/uploads\/2023\/02\/WhatsApp-Image-2023-02-26-at-08.33.31.jpeg\" alt=\"WhatsApp Image 2023-02-26 at 08.33.31\" width=\"308\" height=\"455\" srcset=\"https:\/\/www.politicosdosuldabahia.com.br\/v1\/wp-content\/uploads\/2023\/02\/WhatsApp-Image-2023-02-26-at-08.33.31.jpeg 361w, https:\/\/www.politicosdosuldabahia.com.br\/v1\/wp-content\/uploads\/2023\/02\/WhatsApp-Image-2023-02-26-at-08.33.31-203x300.jpeg 203w\" sizes=\"(max-width: 308px) 100vw, 308px\" \/><\/h3>\n<h3 style=\"text-align: justify\">\u201cSer\u00e1 que \u00e9 pelo fato de ser uma mulher, que incomoda tanto essas pessoas&#8221;, questiona, o l\u00edder do governo no Legislativo da Bahia, deputado estadual Rosemberg Pinto (PT), sobre ataque \u00e0 candidatura de Aline Peixoto ao Tribunal de Contas dos Munic\u00edpios da Bahia (TCM-BA).<\/h3>\n<h3 style=\"text-align: justify\">&#8220;Aline Peixoto em nenhum momento omitiu a sua atua\u00e7\u00e3o na assessoria de sa\u00fade. At\u00e9 porque tudo \u00e9 p\u00fablico. \u00c9 mais uma tentativa s\u00f3rdida de tentar desqualificar o seu nome. Ser\u00e1 que \u00e9 pelo fato de ser uma mulher, que incomoda tanto essas pessoas\u201d, defendeu o parlamentar, em rela\u00e7\u00e3o ao curr\u00edculo da postulante ao TCM-BA.<\/h3>\n<h3 style=\"text-align: justify\">\u201cEu acho ruim essa tentativa de persegui\u00e7\u00e3o ao nome de Aline Peixoto, sendo que \u00e9 a primeira vez que uma mulher se coloca como candidata a uma vaga como Conselheira no TCM, com totais condi\u00e7\u00f5es de vit\u00f3ria&#8221;, complementou.<\/h3>\n<h3 style=\"text-align: justify\">Nos c\u00e1lculos de Rosemberg, Aline \u00e9 a favorita para vencer a vota\u00e7\u00e3o para o cargo, que \u00e9 realizada pelos deputados estaduais. \u201cEst\u00e3o alinhados ao governo 40 deputados e deputadas e na minoria 18 parlamentares, os demais s\u00e3o independentes e estamos dialogando com eles\u201d, contabiliza.<\/h3>\n<h3 style=\"text-align: justify\"><strong>Agenda de ritos<\/strong><\/h3>\n<h3 style=\"text-align: justify\">Os candidatos \u00e0 vaga de conselheiro do TCM-BA, Aline Peixoto e Tom Ara\u00fajo, ser\u00e3o sabatinados pela Comiss\u00e3o de Constitui\u00e7\u00e3o e Justi\u00e7a da Assembleia Legislativa da Bahia, respectivamente, nos dias 6 e 7 de mar\u00e7o e a elei\u00e7\u00e3o no plen\u00e1rio dever\u00e1 acontecer no dia 8 de mar\u00e7o.<\/h3>\n","protected":false},"excerpt":{"rendered":"<p>&nbsp; \u201cSer\u00e1 que \u00e9 pelo fato de ser uma mulher, que incomoda tanto essas pessoas&#8221;, questiona, o l\u00edder do governo no Legislativo da Bahia, deputado estadual Rosemberg Pinto (PT), sobre ataque \u00e0 candidatura de Aline Peixoto ao Tribunal de Contas dos Munic\u00edpios da Bahia (TCM-BA). &#8220;Aline Peixoto em nenhum momento omitiu a sua atua\u00e7\u00e3o na [&hellip;]<\/p>\n","protected":false},"author":992,"featured_media":170583,"comment_status":"open","ping_status":"closed","sticky":false,"template":"","format":"standard","meta":{"footnotes":"","_links_to":"","_links_to_target":""},"categories":[14,4],"tags":[],"class_list":["post-170582","post","type-post","status-publish","format-standard","has-post-thumbnail","hentry","category-bahia-geral","category-politica"],"views":498,"_links":{"self":[{"href":"https:\/\/www.politicosdosuldabahia.com.br\/v1\/wp-json\/wp\/v2\/posts\/170582"}],"collection":[{"href":"https:\/\/www.politicosdosuldabahia.com.br\/v1\/wp-json\/wp\/v2\/posts"}],"about":[{"href":"https:\/\/www.politicosdosuldabahia.com.br\/v1\/wp-json\/wp\/v2\/types\/post"}],"author":[{"embeddable":true,"href":"https:\/\/www.politicosdosuldabahia.com.br\/v1\/wp-json\/wp\/v2\/users\/992"}],"replies":[{"embeddable":true,"href":"https:\/\/www.politicosdosuldabahia.com.br\/v1\/wp-json\/wp\/v2\/comments?post=170582"}],"version-history":[{"count":1,"href":"https:\/\/www.politicosdosuldabahia.com.br\/v1\/wp-json\/wp\/v2\/posts\/170582\/revisions"}],"predecessor-version":[{"id":170584,"href":"https:\/\/www.politicosdosuldabahia.com.br\/v1\/wp-json\/wp\/v2\/posts\/170582\/revisions\/170584"}],"wp:featuredmedia":[{"embeddable":true,"href":"https:\/\/www.politicosdosuldabahia.com.br\/v1\/wp-json\/wp\/v2\/media\/170583"}],"wp:attachment":[{"href":"https:\/\/www.politicosdosuldabahia.com.br\/v1\/wp-json\/wp\/v2\/media?parent=170582"}],"wp:term":[{"taxonomy":"category","embeddable":true,"href":"https:\/\/www.politicosdosuldabahia.com.br\/v1\/wp-json\/wp\/v2\/categories?post=170582"},{"taxonomy":"post_tag","embeddable":true,"href":"https:\/\/www.politicosdosuldabahia.com.br\/v1\/wp-json\/wp\/v2\/tags?post=170582"}],"curies":[{"name":"wp","href":"https:\/\/api.w.org\/{rel}","templated":true}]}}