
{"id":170510,"date":"2023-02-23T11:39:44","date_gmt":"2023-02-23T14:39:44","guid":{"rendered":"http:\/\/www.politicosdosuldabahia.com.br\/v1\/?p=170510"},"modified":"2023-02-23T11:39:44","modified_gmt":"2023-02-23T14:39:44","slug":"bahia-policia-federal-realiza-leilao-de-veiculos170510","status":"publish","type":"post","link":"https:\/\/www.politicosdosuldabahia.com.br\/v1\/2023\/02\/23\/bahia-policia-federal-realiza-leilao-de-veiculos170510\/","title":{"rendered":"BAHIA: POL\u00cdCIA FEDERAL REALIZA LEIL\u00c3O DE VE\u00cdCULOS"},"content":{"rendered":"<h3 style=\"text-align: justify\"><img loading=\"lazy\" decoding=\"async\" class=\"wp-image-170511 aligncenter\" src=\"http:\/\/www.politicosdosuldabahia.com.br\/v1\/wp-content\/uploads\/2023\/02\/WhatsApp-Image-2023-02-23-at-09.24.21-1.jpeg\" alt=\"WhatsApp Image 2023-02-23 at 09.24.21 (1)\" width=\"455\" height=\"341\" srcset=\"https:\/\/www.politicosdosuldabahia.com.br\/v1\/wp-content\/uploads\/2023\/02\/WhatsApp-Image-2023-02-23-at-09.24.21-1.jpeg 605w, https:\/\/www.politicosdosuldabahia.com.br\/v1\/wp-content\/uploads\/2023\/02\/WhatsApp-Image-2023-02-23-at-09.24.21-1-300x225.jpeg 300w, https:\/\/www.politicosdosuldabahia.com.br\/v1\/wp-content\/uploads\/2023\/02\/WhatsApp-Image-2023-02-23-at-09.24.21-1-400x300.jpeg 400w\" sizes=\"(max-width: 455px) 100vw, 455px\" \/><br \/>\nA Superintend\u00eancia Regional da Pol\u00edcia Federal na Bahia est\u00e1\u00a0promovendo um leil\u00e3o de ve\u00edculos, de forma exclusivamente online, atrav\u00e9s do site\u00a0do Leiloeiro P\u00fablico, no dia 8 de mar\u00e7o, \u00e0s 9h.<\/h3>\n<h3 style=\"text-align: justify\"><strong><br \/>\n<\/strong>Entre os lotes dispon\u00edveis, h\u00e1 ve\u00edculos oficiais do patrim\u00f4nio da Pol\u00edcia Federal\u00a0disponibilizados para venda em leil\u00e3o, como Toyota Corolla, com lance inicial de R$\u00a011.400,00; caminhonetes Nissan Frontier e Mitsubishi L200, a partir de R$ 14.500,00,\u00a0al\u00e9m de op\u00e7\u00f5es de Ford Focus, Astra e outros.\u00a0Ser\u00e3o oferecidos ao p\u00fablico 63 lotes no total.<\/h3>\n<h3 style=\"text-align: justify\"><strong><br \/>\n<\/strong>Os interessados devem se cadastrar no site do leiloeiro, com 48 horas de\u00a0anteced\u00eancia, no m\u00ednimo.\u00a0A equipe do leiloeiro est\u00e1 dispon\u00edvel pelo 0800 278 7431, por liga\u00e7\u00e3o ou WhatsApp,\u00a0e tamb\u00e9m pelo e-mail: leiloes@dgleiloes.com.br, para auxiliar com o cadastro e tirar\u00a0d\u00favidas.<\/h3>\n<h3 style=\"text-align: justify\">A visita\u00e7\u00e3o p\u00fablica dos lotes ocorrer\u00e1 durante os dias 6 e 7 de mar\u00e7o de 2023, das\u00a009h \u00e0s 17h, na Avenida Engenheiro Oscar Pontes, 339 &#8211; \u00c1gua de Meninos, em salvador Salvador, mediante agendamento pr\u00e9vio com o escrit\u00f3rio do Leiloeiro.<\/h3>\n<h3 style=\"text-align: justify\">Voc\u00ea pode verificar todos os lotes dispon\u00edveis acessando:\u00a0https:\/\/www.danielgarcialeiloes.com.br\/leilao\/3765\/lotes.<\/h3>\n","protected":false},"excerpt":{"rendered":"<p>A Superintend\u00eancia Regional da Pol\u00edcia Federal na Bahia est\u00e1\u00a0promovendo um leil\u00e3o de ve\u00edculos, de forma exclusivamente online, atrav\u00e9s do site\u00a0do Leiloeiro P\u00fablico, no dia 8 de mar\u00e7o, \u00e0s 9h. Entre os lotes dispon\u00edveis, h\u00e1 ve\u00edculos oficiais do patrim\u00f4nio da Pol\u00edcia Federal\u00a0disponibilizados para venda em leil\u00e3o, como Toyota Corolla, com lance inicial de R$\u00a011.400,00; caminhonetes Nissan [&hellip;]<\/p>\n","protected":false},"author":992,"featured_media":170511,"comment_status":"open","ping_status":"closed","sticky":false,"template":"","format":"standard","meta":{"footnotes":"","_links_to":"","_links_to_target":""},"categories":[14],"tags":[],"class_list":["post-170510","post","type-post","status-publish","format-standard","has-post-thumbnail","hentry","category-bahia-geral"],"views":933,"_links":{"self":[{"href":"https:\/\/www.politicosdosuldabahia.com.br\/v1\/wp-json\/wp\/v2\/posts\/170510"}],"collection":[{"href":"https:\/\/www.politicosdosuldabahia.com.br\/v1\/wp-json\/wp\/v2\/posts"}],"about":[{"href":"https:\/\/www.politicosdosuldabahia.com.br\/v1\/wp-json\/wp\/v2\/types\/post"}],"author":[{"embeddable":true,"href":"https:\/\/www.politicosdosuldabahia.com.br\/v1\/wp-json\/wp\/v2\/users\/992"}],"replies":[{"embeddable":true,"href":"https:\/\/www.politicosdosuldabahia.com.br\/v1\/wp-json\/wp\/v2\/comments?post=170510"}],"version-history":[{"count":1,"href":"https:\/\/www.politicosdosuldabahia.com.br\/v1\/wp-json\/wp\/v2\/posts\/170510\/revisions"}],"predecessor-version":[{"id":170512,"href":"https:\/\/www.politicosdosuldabahia.com.br\/v1\/wp-json\/wp\/v2\/posts\/170510\/revisions\/170512"}],"wp:featuredmedia":[{"embeddable":true,"href":"https:\/\/www.politicosdosuldabahia.com.br\/v1\/wp-json\/wp\/v2\/media\/170511"}],"wp:attachment":[{"href":"https:\/\/www.politicosdosuldabahia.com.br\/v1\/wp-json\/wp\/v2\/media?parent=170510"}],"wp:term":[{"taxonomy":"category","embeddable":true,"href":"https:\/\/www.politicosdosuldabahia.com.br\/v1\/wp-json\/wp\/v2\/categories?post=170510"},{"taxonomy":"post_tag","embeddable":true,"href":"https:\/\/www.politicosdosuldabahia.com.br\/v1\/wp-json\/wp\/v2\/tags?post=170510"}],"curies":[{"name":"wp","href":"https:\/\/api.w.org\/{rel}","templated":true}]}}