
{"id":170466,"date":"2023-02-20T16:10:33","date_gmt":"2023-02-20T19:10:33","guid":{"rendered":"http:\/\/www.politicosdosuldabahia.com.br\/v1\/?p=170466"},"modified":"2023-02-20T16:33:28","modified_gmt":"2023-02-20T19:33:28","slug":"salvador-secretaria-de-sustentabilidade-entrega-selo-eu-promovo-o-carnaval-sustentavel-a-sete-camarotes-nesta-segunda-feira","status":"publish","type":"post","link":"https:\/\/www.politicosdosuldabahia.com.br\/v1\/2023\/02\/20\/salvador-secretaria-de-sustentabilidade-entrega-selo-eu-promovo-o-carnaval-sustentavel-a-sete-camarotes-nesta-segunda-feira\/","title":{"rendered":"SALVADOR: SECRETARIA DE SUSTENTABILIDADE ENTREGA SELO &#8220;EU PROMOVO O CARNAVAL SUSTENT\u00c1VEL&#8221; A SETE CAMAROTES NESTA SEGUNDA-FEIRA"},"content":{"rendered":"<h4 style=\"text-align: center\"><em><strong>Promovido pela SECIS, o selo \u201cEu Promovo o Carnaval Sustent\u00e1vel\u201d utilizou padr\u00f5es de avalia\u00e7\u00e3o internacionais para qualificar os camarotes<\/strong><\/em><\/h4>\n<p><img loading=\"lazy\" decoding=\"async\" class=\"aligncenter wp-image-170467\" src=\"http:\/\/www.politicosdosuldabahia.com.br\/v1\/wp-content\/uploads\/2023\/02\/image.png\" alt=\"image\" width=\"455\" height=\"353\" \/><\/p>\n<h3 style=\"text-align: justify\">A secret\u00e1ria municipal de Sustentabilidade, Resili\u00eancia e Prote\u00e7\u00e3o Animal (Secis), Marcelle Moraes entrega nesta segunda-feira (20), \u00e0s 20h, no Camarote Planeta Band, em Ondina, o selo \u201cEu Promovo o Carnaval Sustent\u00e1vel\u201d a sete camarotes que estabeleceram boas pr\u00e1ticas ligadas \u00e0 sustentabilidade na folia deste ano. A iniciativa visa transformar o espa\u00e7o do camarote em um lugar capaz de integrar as quest\u00f5es sociais, econ\u00f4micas e ambientais.<\/h3>\n<h3 style=\"text-align: justify\">Para participar do projeto, os estabelecimentos tiveram que cumprir pelo menos 30% dos crit\u00e9rios pr\u00e9-estabelecidos como o uso de campanhas contra a viol\u00eancia sexual, pol\u00edticas de combate a LGBTfobia, acessibilidade, bem como programas de inclus\u00e3o social e de minora\u00e7\u00e3o de emiss\u00e3o de gases, dentre outros indicadores.<\/h3>\n<h3 style=\"text-align: justify\">Durante a folia, t\u00e9cnicos da SECIS e especialistas em sustentabilidade realizaram visitas t\u00e9cnicas aos espa\u00e7os para fiscalizar se as boas pr\u00e1ticas sustent\u00e1veis estavam sendo aplicadas pelos camarotes.<\/h3>\n<h3 style=\"text-align: justify\">A cada a\u00e7\u00e3o sustent\u00e1vel praticada pelo estabelecimento, houve uma pontua\u00e7\u00e3o pr\u00e9-determinada, que foi constru\u00edda inspirada em criteriosa base de avalia\u00e7\u00e3o. A partir da pontua\u00e7\u00e3o alcan\u00e7ada, ser\u00e1 concedido o selo baseado em crit\u00e9rios de avalia\u00e7\u00e3o com padr\u00f5es de sustentabilidade internacionais, definidos sob a curadoria do Sistema B e a Startei. Na a\u00e7\u00e3o, tamb\u00e9m ser\u00e1 estabelecido um ranking dos camarotes mais sustent\u00e1veis.<\/h3>\n<h3 style=\"text-align: justify\">\u201cNosso objetivo foi alcan\u00e7ado j\u00e1 que os camarotes montados para folia promoveram a festa com a aplica\u00e7\u00e3o de pr\u00e1ticas com impactos positivos nas \u00e1reas sociais, econ\u00f4micas e ambientais. Para isso, estabelecemos uma criteriosa avalia\u00e7\u00e3o, pautada em padr\u00f5es internacionais, para que os estabelecimentos possam adaptar os processos de acordo com as boas pr\u00e1ticas de sustentabilidade. Agrade\u00e7o demais a todos os participantes, pois juntos mostramos que \u00e9 poss\u00edvel fazer a maior festa de rua do mundo de forma sustent\u00e1vel e, agora, faremos a entrega do selo\u201d, destacou Marcelle Moraes, titular da SECIS.<\/h3>\n<h3 style=\"text-align: justify\"><b>Confira a lista de camarotes que v\u00e3o receber o selo da campanha:<\/b><\/h3>\n<h3 style=\"text-align: justify\">&#8211; Camarote Club<br \/>\n\u2013 Camarote Salvador<br \/>\n\u2013 Camarote Mirante do Gigante<br \/>\n\u2013 Camarote Expresso 222<br \/>\n\u2013 Camarote Har\u00e9m<br \/>\n\u2013 Camarote Planeta Band<br \/>\n\u2013 Camarote Brahma<\/h3>\n","protected":false},"excerpt":{"rendered":"<p>Promovido pela SECIS, o selo \u201cEu Promovo o Carnaval Sustent\u00e1vel\u201d utilizou padr\u00f5es de avalia\u00e7\u00e3o internacionais para qualificar os camarotes A secret\u00e1ria municipal de Sustentabilidade, Resili\u00eancia e Prote\u00e7\u00e3o Animal (Secis), Marcelle Moraes entrega nesta segunda-feira (20), \u00e0s 20h, no Camarote Planeta Band, em Ondina, o selo \u201cEu Promovo o Carnaval Sustent\u00e1vel\u201d a sete camarotes que estabeleceram [&hellip;]<\/p>\n","protected":false},"author":992,"featured_media":0,"comment_status":"open","ping_status":"closed","sticky":false,"template":"","format":"standard","meta":{"footnotes":"","_links_to":"","_links_to_target":""},"categories":[14,3],"tags":[],"class_list":["post-170466","post","type-post","status-publish","format-standard","hentry","category-bahia-geral","category-cidades"],"views":571,"_links":{"self":[{"href":"https:\/\/www.politicosdosuldabahia.com.br\/v1\/wp-json\/wp\/v2\/posts\/170466"}],"collection":[{"href":"https:\/\/www.politicosdosuldabahia.com.br\/v1\/wp-json\/wp\/v2\/posts"}],"about":[{"href":"https:\/\/www.politicosdosuldabahia.com.br\/v1\/wp-json\/wp\/v2\/types\/post"}],"author":[{"embeddable":true,"href":"https:\/\/www.politicosdosuldabahia.com.br\/v1\/wp-json\/wp\/v2\/users\/992"}],"replies":[{"embeddable":true,"href":"https:\/\/www.politicosdosuldabahia.com.br\/v1\/wp-json\/wp\/v2\/comments?post=170466"}],"version-history":[{"count":2,"href":"https:\/\/www.politicosdosuldabahia.com.br\/v1\/wp-json\/wp\/v2\/posts\/170466\/revisions"}],"predecessor-version":[{"id":170469,"href":"https:\/\/www.politicosdosuldabahia.com.br\/v1\/wp-json\/wp\/v2\/posts\/170466\/revisions\/170469"}],"wp:attachment":[{"href":"https:\/\/www.politicosdosuldabahia.com.br\/v1\/wp-json\/wp\/v2\/media?parent=170466"}],"wp:term":[{"taxonomy":"category","embeddable":true,"href":"https:\/\/www.politicosdosuldabahia.com.br\/v1\/wp-json\/wp\/v2\/categories?post=170466"},{"taxonomy":"post_tag","embeddable":true,"href":"https:\/\/www.politicosdosuldabahia.com.br\/v1\/wp-json\/wp\/v2\/tags?post=170466"}],"curies":[{"name":"wp","href":"https:\/\/api.w.org\/{rel}","templated":true}]}}