
{"id":169660,"date":"2023-01-21T10:56:50","date_gmt":"2023-01-21T13:56:50","guid":{"rendered":"http:\/\/www.politicosdosuldabahia.com.br\/v1\/?p=169660"},"modified":"2023-01-21T10:57:33","modified_gmt":"2023-01-21T13:57:33","slug":"governo-do-estado-preve-entrega-de-mais-104-mercados-municipais-requalificados-ou-construidos","status":"publish","type":"post","link":"https:\/\/www.politicosdosuldabahia.com.br\/v1\/2023\/01\/21\/governo-do-estado-preve-entrega-de-mais-104-mercados-municipais-requalificados-ou-construidos\/","title":{"rendered":"GOVERNO DO ESTADO PREV\u00ca ENTREGA DE MAIS 104 MERCADOS MUNICIPAIS REQUALIFICADOS OU CONSTRU\u00cdDOS"},"content":{"rendered":"<div>\n<div>\n<h3><img loading=\"lazy\" decoding=\"async\" class=\"alignnone size-full wp-image-169661 aligncenter\" src=\"http:\/\/www.politicosdosuldabahia.com.br\/v1\/wp-content\/uploads\/2023\/01\/WhatsApp-Image-2023-01-20-at-17.26.25-2.jpeg\" alt=\"WhatsApp Image 2023-01-20 at 17.26.25 (2)\" width=\"455\" height=\"303\" srcset=\"https:\/\/www.politicosdosuldabahia.com.br\/v1\/wp-content\/uploads\/2023\/01\/WhatsApp-Image-2023-01-20-at-17.26.25-2.jpeg 455w, https:\/\/www.politicosdosuldabahia.com.br\/v1\/wp-content\/uploads\/2023\/01\/WhatsApp-Image-2023-01-20-at-17.26.25-2-300x200.jpeg 300w\" sizes=\"(max-width: 455px) 100vw, 455px\" \/><\/h3>\n<h3 style=\"text-align: justify\">Para levar mais conforto e seguran\u00e7a aos feirantes e aos consumidores dos mercados municipais da Bahia, o Governo do Estado, por meio da Companhia de Desenvolvimento e A\u00e7\u00e3o Regional (CAR), empresa vinculada \u00e0 Secretaria de Desenvolvimento Rural (SDR), vai entregar, at\u00e9 agosto de 2023, mais 104 mercados constru\u00eddos ou requalificados em todas as regi\u00f5es do estado.\u00a0\u00a0A a\u00e7\u00e3o tamb\u00e9m proporciona um maior ordenamento e permite a comercializa\u00e7\u00e3o dos produtos da agricultura familiar de forma segura e higi\u00eanica.<\/h3>\n<h3 style=\"text-align: justify\">Os Mercados Municipais, Centros Comerciais e Feiras Livres s\u00e3o importantes pontos de comercializa\u00e7\u00e3o da produ\u00e7\u00e3o rural. L\u00e1, est\u00e3o reunidos comerciantes e produtores das sedes dos munic\u00edpios, comunidades rurais e povoados.<\/h3>\n<h3 style=\"text-align: justify\">Nos \u00faltimos anos, a CAR celebrou conv\u00eanios com Associa\u00e7\u00f5es, Cooperativas, Cons\u00f3rcios e Prefeituras como forma de incentivo e fomento \u00e0 agricultura familiar, gerando renda em diversos munic\u00edpios do interior da Bahia.<\/h3>\n<h3 style=\"text-align: justify\">Para o diretor-presidente da CAR, Jeandro Ribeiro, os mercados municipais s\u00e3o, de fato, locais onde a agricultura familiar e a popula\u00e7\u00e3o da cidade se encontram. \u201c\u00c9 um momento em que a agricultura familiar consegue comercializar seus produtos, mas tamb\u00e9m onde os consumidores adquirem o produto sabendo sua origem. Entendendo que essa \u00e9 uma a\u00e7\u00e3o estruturante, o Governo da Bahia, por meio da CAR, vem requalificando os mercados, onde estamos oportunizando a esses p\u00fablicos um espa\u00e7o de identidade, com condi\u00e7\u00f5es sanit\u00e1rias. \u00c9 o shopping aberto dos pequenos munic\u00edpios\u201d.<\/h3>\n<h3 style=\"text-align: justify\">Em Po\u00e7\u00f5es, por exemplo, o Centro Comercial Monsenhor Honorato, entregue em outubro de 2022, \u00e9 motivo de orgulho para as 40 fam\u00edlias de feirantes que vendem alimentos, roupas, utens\u00edlios de casa, eletr\u00f4nicos, entre outros. O espa\u00e7o atende \u00e0 popula\u00e7\u00e3o do munic\u00edpio estimada em 46.900 habitantes.<\/h3>\n<h3 style=\"text-align: justify\">Jo\u00e3o Honorato, da comunidade de Pedrinhas, comercializa frutas e verduras no local. \u201cAntes era muito sofrimento, a gente trabalhava debaixo dos p\u00e9s de pau, carregando caixa para cima e para baixo. Hoje, \u00e9 s\u00f3 abrir as portas e atender os clientes, que agora podem entrar no nosso box e at\u00e9 tomar um cafezinho\u201d.<\/h3>\n<h3 style=\"text-align: justify\">O presidente da Associa\u00e7\u00e3o dos Feirantes de Po\u00e7\u00f5es, Genivaldo Carvalho, conhecido como Vado, comercializa caldo de cana e tamb\u00e9m comemora. \u201cMeus produtos v\u00eam da zona rural. Eu mesmo planto, colho e trago para comercializar. Aqui antes era desapropriado para o trabalho de todos. Com o piso quebrado, as pessoas trope\u00e7avam. Hoje, estamos em um lugar asseado, o que aumentou a quantidade de clientes, que agora est\u00e3o mais satisfeitos. Isso \u00e9 percept\u00edvel. Eles encontram um lugar em que se sentem melhor, a gente tamb\u00e9m atende melhor e com mais alegria\u201d.<\/h3>\n<h3 style=\"text-align: justify\">Os pr\u00f3ximos munic\u00edpios que ir\u00e3o contar com mercados novos ou requalificados s\u00e3o Amargosa, Andorinha,\u00a0Camac\u00e3, Caldeir\u00e3o Grande, Crist\u00f3polis, Guarantinga, Rafael Jambeiro, Gandu, Retirol\u00e2ndia e V\u00e1rzea da Ro\u00e7a, entre outros.<\/h3>\n<\/div>\n<\/div>\n","protected":false},"excerpt":{"rendered":"<p>Para levar mais conforto e seguran\u00e7a aos feirantes e aos consumidores dos mercados municipais da Bahia, o Governo do Estado, por meio da Companhia de Desenvolvimento e A\u00e7\u00e3o Regional (CAR), empresa vinculada \u00e0 Secretaria de Desenvolvimento Rural (SDR), vai entregar, at\u00e9 agosto de 2023, mais 104 mercados constru\u00eddos ou requalificados em todas as regi\u00f5es do [&hellip;]<\/p>\n","protected":false},"author":992,"featured_media":169661,"comment_status":"open","ping_status":"closed","sticky":false,"template":"","format":"standard","meta":{"footnotes":"","_links_to":"","_links_to_target":""},"categories":[14],"tags":[],"class_list":["post-169660","post","type-post","status-publish","format-standard","has-post-thumbnail","hentry","category-bahia-geral"],"views":435,"_links":{"self":[{"href":"https:\/\/www.politicosdosuldabahia.com.br\/v1\/wp-json\/wp\/v2\/posts\/169660"}],"collection":[{"href":"https:\/\/www.politicosdosuldabahia.com.br\/v1\/wp-json\/wp\/v2\/posts"}],"about":[{"href":"https:\/\/www.politicosdosuldabahia.com.br\/v1\/wp-json\/wp\/v2\/types\/post"}],"author":[{"embeddable":true,"href":"https:\/\/www.politicosdosuldabahia.com.br\/v1\/wp-json\/wp\/v2\/users\/992"}],"replies":[{"embeddable":true,"href":"https:\/\/www.politicosdosuldabahia.com.br\/v1\/wp-json\/wp\/v2\/comments?post=169660"}],"version-history":[{"count":1,"href":"https:\/\/www.politicosdosuldabahia.com.br\/v1\/wp-json\/wp\/v2\/posts\/169660\/revisions"}],"predecessor-version":[{"id":169662,"href":"https:\/\/www.politicosdosuldabahia.com.br\/v1\/wp-json\/wp\/v2\/posts\/169660\/revisions\/169662"}],"wp:featuredmedia":[{"embeddable":true,"href":"https:\/\/www.politicosdosuldabahia.com.br\/v1\/wp-json\/wp\/v2\/media\/169661"}],"wp:attachment":[{"href":"https:\/\/www.politicosdosuldabahia.com.br\/v1\/wp-json\/wp\/v2\/media?parent=169660"}],"wp:term":[{"taxonomy":"category","embeddable":true,"href":"https:\/\/www.politicosdosuldabahia.com.br\/v1\/wp-json\/wp\/v2\/categories?post=169660"},{"taxonomy":"post_tag","embeddable":true,"href":"https:\/\/www.politicosdosuldabahia.com.br\/v1\/wp-json\/wp\/v2\/tags?post=169660"}],"curies":[{"name":"wp","href":"https:\/\/api.w.org\/{rel}","templated":true}]}}