
{"id":169634,"date":"2023-01-19T15:37:14","date_gmt":"2023-01-19T18:37:14","guid":{"rendered":"http:\/\/www.politicosdosuldabahia.com.br\/v1\/?p=169634"},"modified":"2023-01-19T15:37:14","modified_gmt":"2023-01-19T18:37:14","slug":"bahia-fez-investimento-recorde-de-r-102-bilhoes-em-2022-com-prioridade-para-as-areas-sociais","status":"publish","type":"post","link":"https:\/\/www.politicosdosuldabahia.com.br\/v1\/2023\/01\/19\/bahia-fez-investimento-recorde-de-r-102-bilhoes-em-2022-com-prioridade-para-as-areas-sociais\/","title":{"rendered":"BAHIA FEZ INVESTIMENTO RECORDE DE R$ 10,2 BILH\u00d5ES EM 2022, COM PRIORIDADE PARA AS \u00c1REAS SOCIAIS"},"content":{"rendered":"<h4 style=\"text-align: center\"><img loading=\"lazy\" decoding=\"async\" class=\"alignnone size-full wp-image-169635\" src=\"http:\/\/www.politicosdosuldabahia.com.br\/v1\/wp-content\/uploads\/2023\/01\/WhatsApp-Image-2023-01-19-at-11.52.55.jpeg\" alt=\"WhatsApp Image 2023-01-19 at 11.52.55\" width=\"455\" height=\"303\" srcset=\"https:\/\/www.politicosdosuldabahia.com.br\/v1\/wp-content\/uploads\/2023\/01\/WhatsApp-Image-2023-01-19-at-11.52.55.jpeg 455w, https:\/\/www.politicosdosuldabahia.com.br\/v1\/wp-content\/uploads\/2023\/01\/WhatsApp-Image-2023-01-19-at-11.52.55-300x200.jpeg 300w\" sizes=\"(max-width: 455px) 100vw, 455px\" \/><\/h4>\n<h4 style=\"text-align: center\"><em><strong>Educa\u00e7\u00e3o, Sa\u00fade e Seguran\u00e7a P\u00fablica receberam a parte mais expressiva dos recursos: R$ 4,4 bilh\u00f5es<\/strong><\/em><\/h4>\n<h3 style=\"text-align: justify\">A Bahia registrou em 2022 o investimento p\u00fablico recorde de R$ 10,2 bilh\u00f5es, alcan\u00e7ado em boa parte pelo esfor\u00e7o de caixa do pr\u00f3prio Governo do Estado, a despeito das dificuldades de acesso a opera\u00e7\u00f5es de cr\u00e9dito nos \u00faltimos anos. Deste total, em valores empenhados at\u00e9 o final de dezembro, a parte mais expressiva dos recursos foi destinada \u00e0s \u00e1reas sociais (Educa\u00e7\u00e3o, Sa\u00fade e Seguran\u00e7a P\u00fablica), que somaram R$ 4,4 bilh\u00f5es.<\/h3>\n<h3 style=\"text-align: justify\">De acordo com os n\u00fameros de encerramento das contas do ano passado, consolidados pela Secretaria da Fazenda do Estado (Sefaz-BA), tamb\u00e9m receberam investimentos expressivos as \u00e1reas de Transportes, com R$ 2,5 bilh\u00f5es, Urbanismo, com R$ 1,4 bilh\u00e3o, Agricultura, com R$ 720 milh\u00f5es, e Saneamento, com R$ 692 milh\u00f5es.<\/h3>\n<h3 style=\"text-align: justify\">A Bahia ficou, al\u00e9m disso, em primeiro lugar no pa\u00eds em investimentos como propor\u00e7\u00e3o das receitas, de acordo com estudo divulgado pelo Tesouro Nacional. O relat\u00f3rio comparou os valores investidos pelos governos estaduais com suas receitas totais, entre os meses de janeiro e outubro. Ao destinar 16% das receitas para investimentos neste per\u00edodo, o governo baiano obteve o maior \u00edndice do pa\u00eds entre os estados.<\/h3>\n<h3 style=\"text-align: justify\">O mesmo relat\u00f3rio do Tesouro Nacional mostrou ainda que a Bahia foi o estado mais eficiente em quitar suas despesas e manter suas obriga\u00e7\u00f5es financeiras em dia. Com apenas 1% de obriga\u00e7\u00f5es pendentes, menor percentual do pa\u00eds, a Bahia ficou em primeiro lugar nacional tamb\u00e9m neste quesito. Na outra ponta deste ranking ficaram o Amap\u00e1, com 46% de obriga\u00e7\u00f5es pendentes, e em seguida S\u00e3o Paulo, com 17%, Minas Gerais, com 16%, e Rio de Janeiro, com 14%.<\/h3>\n<h3 style=\"text-align: justify\">Equil\u00edbrio fiscal<\/h3>\n<h3 style=\"text-align: justify\">Este desempenho, de acordo com o secret\u00e1rio da Fazenda, Manoel Vit\u00f3rio, \u00e9 fruto do equil\u00edbrio fiscal assegurado por medidas consolidadas na gest\u00e3o do governador Rui Costa a partir de iniciativas que j\u00e1 vinham sendo desenvolvidas no governo anterior, de Jaques Wagner. As medidas envolvem o controle dos gastos, a moderniza\u00e7\u00e3o do fisco estadual e o combate \u00e0 sonega\u00e7\u00e3o.<\/h3>\n<h3 style=\"text-align: justify\">A orienta\u00e7\u00e3o do governador Jer\u00f4nimo Rodrigues, de acordo com o secret\u00e1rio Manoel Vit\u00f3rio, \u00e9 seguir garantindo o equil\u00edbrio fiscal e, assim, a capacidade de investimento do Estado, que deve manter a \u00eanfase nas \u00e1reas de Educa\u00e7\u00e3o, Sa\u00fade e Seguran\u00e7a. \u201cO governador, al\u00e9m disso, estabeleceu como prioridade n\u00famero um para o Estado da Bahia neste momento a reuni\u00e3o de esfor\u00e7os e recursos com o governo do presidente Lula para o combate \u00e0 fome, que voltou a ser uma calamidade no pa\u00eds nos \u00faltimos anos\u201d.<\/h3>\n<h3 style=\"text-align: justify\">Manter o equil\u00edbrio das contas vai ser um grande desafio para o Estado em 2023 por conta do dif\u00edcil cen\u00e1rio econ\u00f4mico atual no Brasil e no mundo, ainda sob os efeitos da pandemia da Covid-19 e em meio ao impacto da guerra na Ucr\u00e2nia e da alta dos pre\u00e7os do petr\u00f3leo e outros insumos no mercado internacional. \u201cA Bahia est\u00e1 preparada para enfrentar e vencer mais esta crise e preservar a paz social, como j\u00e1 ocorreu em anos recentes\u201d, ressalta Manoel Vit\u00f3rio, lembrando que o governo baiano preservou o pagamento em dia dos sal\u00e1rios do funcionalismo, quando muitos estados registraram atrasos, e assegurou a operacionaliza\u00e7\u00e3o da m\u00e1quina p\u00fablica ao seguir cumprindo seus compromissos, enquanto em outras unidades da Federa\u00e7\u00e3o chegou a faltar combust\u00edvel para as viaturas policiais.<\/h3>\n","protected":false},"excerpt":{"rendered":"<p>Educa\u00e7\u00e3o, Sa\u00fade e Seguran\u00e7a P\u00fablica receberam a parte mais expressiva dos recursos: R$ 4,4 bilh\u00f5es A Bahia registrou em 2022 o investimento p\u00fablico recorde de R$ 10,2 bilh\u00f5es, alcan\u00e7ado em boa parte pelo esfor\u00e7o de caixa do pr\u00f3prio Governo do Estado, a despeito das dificuldades de acesso a opera\u00e7\u00f5es de cr\u00e9dito nos \u00faltimos anos. Deste [&hellip;]<\/p>\n","protected":false},"author":992,"featured_media":169635,"comment_status":"open","ping_status":"closed","sticky":false,"template":"","format":"standard","meta":{"footnotes":"","_links_to":"","_links_to_target":""},"categories":[14],"tags":[],"class_list":["post-169634","post","type-post","status-publish","format-standard","has-post-thumbnail","hentry","category-bahia-geral"],"views":521,"_links":{"self":[{"href":"https:\/\/www.politicosdosuldabahia.com.br\/v1\/wp-json\/wp\/v2\/posts\/169634"}],"collection":[{"href":"https:\/\/www.politicosdosuldabahia.com.br\/v1\/wp-json\/wp\/v2\/posts"}],"about":[{"href":"https:\/\/www.politicosdosuldabahia.com.br\/v1\/wp-json\/wp\/v2\/types\/post"}],"author":[{"embeddable":true,"href":"https:\/\/www.politicosdosuldabahia.com.br\/v1\/wp-json\/wp\/v2\/users\/992"}],"replies":[{"embeddable":true,"href":"https:\/\/www.politicosdosuldabahia.com.br\/v1\/wp-json\/wp\/v2\/comments?post=169634"}],"version-history":[{"count":1,"href":"https:\/\/www.politicosdosuldabahia.com.br\/v1\/wp-json\/wp\/v2\/posts\/169634\/revisions"}],"predecessor-version":[{"id":169636,"href":"https:\/\/www.politicosdosuldabahia.com.br\/v1\/wp-json\/wp\/v2\/posts\/169634\/revisions\/169636"}],"wp:featuredmedia":[{"embeddable":true,"href":"https:\/\/www.politicosdosuldabahia.com.br\/v1\/wp-json\/wp\/v2\/media\/169635"}],"wp:attachment":[{"href":"https:\/\/www.politicosdosuldabahia.com.br\/v1\/wp-json\/wp\/v2\/media?parent=169634"}],"wp:term":[{"taxonomy":"category","embeddable":true,"href":"https:\/\/www.politicosdosuldabahia.com.br\/v1\/wp-json\/wp\/v2\/categories?post=169634"},{"taxonomy":"post_tag","embeddable":true,"href":"https:\/\/www.politicosdosuldabahia.com.br\/v1\/wp-json\/wp\/v2\/tags?post=169634"}],"curies":[{"name":"wp","href":"https:\/\/api.w.org\/{rel}","templated":true}]}}