
{"id":169253,"date":"2023-01-03T17:07:19","date_gmt":"2023-01-03T20:07:19","guid":{"rendered":"http:\/\/www.politicosdosuldabahia.com.br\/v1\/?p=169253"},"modified":"2023-01-03T17:07:19","modified_gmt":"2023-01-03T20:07:19","slug":"secretariado-da-nova-gestao-governamental-e-empossado-nesta-terca-feira","status":"publish","type":"post","link":"https:\/\/www.politicosdosuldabahia.com.br\/v1\/2023\/01\/03\/secretariado-da-nova-gestao-governamental-e-empossado-nesta-terca-feira\/","title":{"rendered":"SECRETARIADO DA NOVA GEST\u00c3O GOVERNAMENTAL \u00c9 EMPOSSADO NESTA TER\u00c7A-FEIRA"},"content":{"rendered":"<h3 style=\"font-weight: 400;text-align: justify\"><strong>\u00a0<\/strong><\/h3>\n<h3 style=\"font-weight: 400;text-align: justify\">Secret\u00e1rios e secret\u00e1rias da atual gest\u00e3o estadual foram empossados na manh\u00e3 desta ter\u00e7a-feira (3), pelo governador Jer\u00f4nimo Rodrigues e pelo vice, Geraldo J\u00fanior, durante cerim\u00f4nia realizada na \u00e1rea verde da Assembleia Legislativa da Bahia (Alba). Assumiram os cargos os secret\u00e1rios e a Procuradora Geral do Estado, al\u00e9m de superintendes de programas voltados para o combate \u00e0 fome e \u00e0s pol\u00edticas para a juventude.<\/h3>\n<h3 style=\"font-weight: 400;text-align: justify\">Na ocasi\u00e3o, durante coletiva de imprensa, o governador Jer\u00f4nimo Rodrigues destacou a import\u00e2ncia da reforma administrativa para dinamizar e melhorar a gest\u00e3o p\u00fablica, considerando as necessidades e a dimens\u00e3o da Bahia. &#8220;Quando a gente modifica a estrutura de controle dos gastos, de capta\u00e7\u00e3o de recursos, temos que considerar o tamanho do estado e todas as complexidades. E n\u00f3s vamos interiorizar ainda mais as pol\u00edticas p\u00fablicas, por isso, apresentamos um corpo de secretariado com este perfil inovador. Por conta da evolu\u00e7\u00e3o hist\u00f3rica, temos o objetivo de garantir mais mulheres no nosso secretariado, e trazer mais jovens&#8221;, detalhou.<\/h3>\n<h3 style=\"font-weight: 400;text-align: justify\">Dentre as mudan\u00e7as apresentadas est\u00e1 a extin\u00e7\u00e3o da Secretaria de Justi\u00e7a, Direitos Humanos e Desenvolvimento Social, que passa a ser atendida por duas pastas: Justi\u00e7a e Direitos Humanos (SJDH), sob a gest\u00e3o do secret\u00e1rio Felipe Freitas, e a Secretaria da Assist\u00eancia e Desenvolvimento Social (Seades), que tem \u00e0 frente a titular Fabya Reis. J\u00e1 a Secretaria de Promo\u00e7\u00e3o da Igualdade Racial, foi transformada em Secretaria da Igualdade Racial e dos Povos e Comunidades Tradicionais (Sepromi), que passa a ter como gestora \u00c2ngela Guimar\u00e3es.<\/h3>\n<h3 style=\"font-weight: 400;text-align: justify\">Tamb\u00e9m tomaram posse o secret\u00e1rio da Casa Civil, Afonso Florence, a Procuradora Geral do Estado, B\u00e1rbara Camardelli, a Superintendente de Pol\u00edticas para os Povos Ind\u00edgenas, Patr\u00edcia Patax\u00f3 e os titulares de duas novas coordena\u00e7\u00f5es gerais, a do Programa Bahia sem Fome, que ser\u00e1 comandada por Tiago Pereira Costa, e a de Pol\u00edticas para a Juventude, que ter\u00e1 \u00e0 frente\u00a0\u00a0\u00a0Nivaldo Millet. A cerim\u00f4nia de posse da secret\u00e1ria de Desenvolvimento Urbano, Jusmari Oliveira, se dar\u00e1 assim que ela for licenciada do cargo de Deputada Federal.<\/h3>\n<h3 style=\"font-weight: 400;text-align: justify\"><strong>Educa\u00e7\u00e3o e Sa\u00fade<\/strong><\/h3>\n<h3 style=\"font-weight: 400;text-align: justify\">A secret\u00e1ria da Educa\u00e7\u00e3o Ad\u00e9lia Pinheiro falou sobre as a\u00e7\u00f5es para estabelecer estrat\u00e9gias para o desenvolvimento das estruturas educacionais do Estado de forma integrada. &#8220;Seguimos com o fortalecimento da educa\u00e7\u00e3o b\u00e1sica e da rela\u00e7\u00e3o entre a Secretaria e os munic\u00edpios, para que possamos ter uma rede estadual fortalecida, recebendo as crian\u00e7as e os jovens que v\u00eam das redes municipais, seguindo com o ensino m\u00e9dio, o profissional e tecnol\u00f3gico e tamb\u00e9m com a educa\u00e7\u00e3o superior, fortalecendo as nossas estaduais. Mas tamb\u00e9m sempre muito pr\u00f3ximos com todas as universidades, institutos federais que comp\u00f5em a educa\u00e7\u00e3o superior no nosso estado&#8221;, frisou.<\/h3>\n<h3 style=\"font-weight: 400;text-align: justify\">Na pasta da Sa\u00fade, a secret\u00e1ria Roberta Santana destaca a import\u00e2ncia das pol\u00edticas p\u00fablicas para extin\u00e7\u00e3o da mis\u00e9ria como essenciais para a conquista de melhores \u00edndices na sa\u00fade.\u00a0\u00a0\u201cO governador nos faz um grande chamamento, com o desenho da reforma do combate \u00e0 fome, \u00e0 pobreza e \u00e0 desigualdade. Dentro dessa perspectiva a sa\u00fade se alinha. \u00d3bvio que quando a gente trabalha no combate \u00e0 pobreza e \u00e0 fome, tamb\u00e9m trabalhamos numa popula\u00e7\u00e3o mais saud\u00e1vel. Temos outras a\u00e7\u00f5es em andamento, como a qualifica\u00e7\u00e3o do acesso. Nos \u00faltimos anos tivemos um grande investimento na \u00e1rea,\u00a0\u00a0e trabalhamos agora para avan\u00e7ar nos modelos de gest\u00e3o, no aprimoramento dos processos e dos fluxos\u201d, explicou.<\/h3>\n","protected":false},"excerpt":{"rendered":"<p>\u00a0 Secret\u00e1rios e secret\u00e1rias da atual gest\u00e3o estadual foram empossados na manh\u00e3 desta ter\u00e7a-feira (3), pelo governador Jer\u00f4nimo Rodrigues e pelo vice, Geraldo J\u00fanior, durante cerim\u00f4nia realizada na \u00e1rea verde da Assembleia Legislativa da Bahia (Alba). Assumiram os cargos os secret\u00e1rios e a Procuradora Geral do Estado, al\u00e9m de superintendes de programas voltados para o [&hellip;]<\/p>\n","protected":false},"author":992,"featured_media":0,"comment_status":"open","ping_status":"closed","sticky":false,"template":"","format":"standard","meta":{"footnotes":"","_links_to":"","_links_to_target":""},"categories":[14,4],"tags":[],"class_list":["post-169253","post","type-post","status-publish","format-standard","hentry","category-bahia-geral","category-politica"],"views":459,"_links":{"self":[{"href":"https:\/\/www.politicosdosuldabahia.com.br\/v1\/wp-json\/wp\/v2\/posts\/169253"}],"collection":[{"href":"https:\/\/www.politicosdosuldabahia.com.br\/v1\/wp-json\/wp\/v2\/posts"}],"about":[{"href":"https:\/\/www.politicosdosuldabahia.com.br\/v1\/wp-json\/wp\/v2\/types\/post"}],"author":[{"embeddable":true,"href":"https:\/\/www.politicosdosuldabahia.com.br\/v1\/wp-json\/wp\/v2\/users\/992"}],"replies":[{"embeddable":true,"href":"https:\/\/www.politicosdosuldabahia.com.br\/v1\/wp-json\/wp\/v2\/comments?post=169253"}],"version-history":[{"count":1,"href":"https:\/\/www.politicosdosuldabahia.com.br\/v1\/wp-json\/wp\/v2\/posts\/169253\/revisions"}],"predecessor-version":[{"id":169254,"href":"https:\/\/www.politicosdosuldabahia.com.br\/v1\/wp-json\/wp\/v2\/posts\/169253\/revisions\/169254"}],"wp:attachment":[{"href":"https:\/\/www.politicosdosuldabahia.com.br\/v1\/wp-json\/wp\/v2\/media?parent=169253"}],"wp:term":[{"taxonomy":"category","embeddable":true,"href":"https:\/\/www.politicosdosuldabahia.com.br\/v1\/wp-json\/wp\/v2\/categories?post=169253"},{"taxonomy":"post_tag","embeddable":true,"href":"https:\/\/www.politicosdosuldabahia.com.br\/v1\/wp-json\/wp\/v2\/tags?post=169253"}],"curies":[{"name":"wp","href":"https:\/\/api.w.org\/{rel}","templated":true}]}}