
{"id":168786,"date":"2022-12-13T17:42:13","date_gmt":"2022-12-13T20:42:13","guid":{"rendered":"http:\/\/www.politicosdosuldabahia.com.br\/v1\/?p=168786"},"modified":"2022-12-13T17:42:13","modified_gmt":"2022-12-13T20:42:13","slug":"jeronimo-participa-de-reuniao-do-forum-de-governadores-em-brasilia","status":"publish","type":"post","link":"https:\/\/www.politicosdosuldabahia.com.br\/v1\/2022\/12\/13\/jeronimo-participa-de-reuniao-do-forum-de-governadores-em-brasilia\/","title":{"rendered":"JER\u00d4NIMO PARTICIPA DE REUNI\u00c3O DO F\u00d3RUM DE GOVERNADORES, EM BRAS\u00cdLIA"},"content":{"rendered":"<h3 style=\"text-align: justify\"><img loading=\"lazy\" decoding=\"async\" class=\"wp-image-168787 aligncenter\" src=\"http:\/\/www.politicosdosuldabahia.com.br\/v1\/wp-content\/uploads\/2022\/12\/WhatsApp-Image-2022-12-13-at-13.54.20.jpeg\" alt=\"WhatsApp Image 2022-12-13 at 13.54.20\" width=\"455\" height=\"303\" srcset=\"https:\/\/www.politicosdosuldabahia.com.br\/v1\/wp-content\/uploads\/2022\/12\/WhatsApp-Image-2022-12-13-at-13.54.20.jpeg 1024w, https:\/\/www.politicosdosuldabahia.com.br\/v1\/wp-content\/uploads\/2022\/12\/WhatsApp-Image-2022-12-13-at-13.54.20-300x200.jpeg 300w, https:\/\/www.politicosdosuldabahia.com.br\/v1\/wp-content\/uploads\/2022\/12\/WhatsApp-Image-2022-12-13-at-13.54.20-768x512.jpeg 768w\" sizes=\"(max-width: 455px) 100vw, 455px\" \/><\/h3>\n<h3 style=\"text-align: justify\">A norma federal que determinou a uniformidade, em todo o pa\u00eds, das al\u00edquotas do ICMS incidente sobre combust\u00edveis foi a pauta central da primeira reuni\u00e3o do F\u00f3rum de Governadores com a participa\u00e7\u00e3o do governador eleito da Bahia, Jer\u00f4nimo Rodrigues. O encontro aconteceu na manh\u00e3 desta ter\u00e7a-feira (13), no Pal\u00e1cio do Buriti, e contou com a presen\u00e7a de outros 28 representantes dos Estados, entre atuais governadores e vices, al\u00e9m de governadores eleitos. O presidente do Comit\u00ea Nacional dos Secret\u00e1rios de Fazenda dos Estados e do Distrito Federal (Consefaz) tamb\u00e9m participou do evento.<\/h3>\n<h3 style=\"text-align: justify\">\u201c\u00c9 a minha primeira participa\u00e7\u00e3o nesse f\u00f3rum, recebi as boas-vindas, mas acima de tudo j\u00e1 apontando e tra\u00e7ando os nossos objetivos para trabalharmos de 2023 em diante, j\u00e1 alinhados com o Governo Federal, entendendo a import\u00e2ncia dos temas que esse f\u00f3rum discute\u201d, afirmou Jer\u00f4nimo ap\u00f3s o encontro em Bras\u00edlia. O governador eleito permanece na capital federal at\u00e9 esta quarta-feira (14), quando participa da posse do ministro Bruno Dantas, do Tribunal de Contas da Uni\u00e3o (TCU).<\/h3>\n","protected":false},"excerpt":{"rendered":"<p>A norma federal que determinou a uniformidade, em todo o pa\u00eds, das al\u00edquotas do ICMS incidente sobre combust\u00edveis foi a pauta central da primeira reuni\u00e3o do F\u00f3rum de Governadores com a participa\u00e7\u00e3o do governador eleito da Bahia, Jer\u00f4nimo Rodrigues. O encontro aconteceu na manh\u00e3 desta ter\u00e7a-feira (13), no Pal\u00e1cio do Buriti, e contou com a [&hellip;]<\/p>\n","protected":false},"author":992,"featured_media":168787,"comment_status":"open","ping_status":"closed","sticky":false,"template":"","format":"standard","meta":{"footnotes":"","_links_to":"","_links_to_target":""},"categories":[14,4],"tags":[],"class_list":["post-168786","post","type-post","status-publish","format-standard","has-post-thumbnail","hentry","category-bahia-geral","category-politica"],"views":441,"_links":{"self":[{"href":"https:\/\/www.politicosdosuldabahia.com.br\/v1\/wp-json\/wp\/v2\/posts\/168786"}],"collection":[{"href":"https:\/\/www.politicosdosuldabahia.com.br\/v1\/wp-json\/wp\/v2\/posts"}],"about":[{"href":"https:\/\/www.politicosdosuldabahia.com.br\/v1\/wp-json\/wp\/v2\/types\/post"}],"author":[{"embeddable":true,"href":"https:\/\/www.politicosdosuldabahia.com.br\/v1\/wp-json\/wp\/v2\/users\/992"}],"replies":[{"embeddable":true,"href":"https:\/\/www.politicosdosuldabahia.com.br\/v1\/wp-json\/wp\/v2\/comments?post=168786"}],"version-history":[{"count":1,"href":"https:\/\/www.politicosdosuldabahia.com.br\/v1\/wp-json\/wp\/v2\/posts\/168786\/revisions"}],"predecessor-version":[{"id":168788,"href":"https:\/\/www.politicosdosuldabahia.com.br\/v1\/wp-json\/wp\/v2\/posts\/168786\/revisions\/168788"}],"wp:featuredmedia":[{"embeddable":true,"href":"https:\/\/www.politicosdosuldabahia.com.br\/v1\/wp-json\/wp\/v2\/media\/168787"}],"wp:attachment":[{"href":"https:\/\/www.politicosdosuldabahia.com.br\/v1\/wp-json\/wp\/v2\/media?parent=168786"}],"wp:term":[{"taxonomy":"category","embeddable":true,"href":"https:\/\/www.politicosdosuldabahia.com.br\/v1\/wp-json\/wp\/v2\/categories?post=168786"},{"taxonomy":"post_tag","embeddable":true,"href":"https:\/\/www.politicosdosuldabahia.com.br\/v1\/wp-json\/wp\/v2\/tags?post=168786"}],"curies":[{"name":"wp","href":"https:\/\/api.w.org\/{rel}","templated":true}]}}