
{"id":168446,"date":"2022-11-29T13:07:54","date_gmt":"2022-11-29T16:07:54","guid":{"rendered":"http:\/\/www.politicosdosuldabahia.com.br\/v1\/?p=168446"},"modified":"2022-11-29T13:07:54","modified_gmt":"2022-11-29T16:07:54","slug":"emprestimo-e-oportunidade-defende-rosemberg-na-vespera-de-votacao-em-plenario","status":"publish","type":"post","link":"https:\/\/www.politicosdosuldabahia.com.br\/v1\/2022\/11\/29\/emprestimo-e-oportunidade-defende-rosemberg-na-vespera-de-votacao-em-plenario\/","title":{"rendered":"EMPR\u00c9STIMO \u00c9 OPORTUNIDADE, DEFENDE ROSEMBERG NA V\u00c9SPERA DE VOTA\u00c7\u00c3O EM PLEN\u00c1RIO"},"content":{"rendered":"<h3 style=\"text-align: justify\"><img loading=\"lazy\" decoding=\"async\" class=\"wp-image-168447 aligncenter\" src=\"http:\/\/www.politicosdosuldabahia.com.br\/v1\/wp-content\/uploads\/2022\/11\/unnamed.jpg\" alt=\"unnamed\" width=\"455\" height=\"303\" srcset=\"https:\/\/www.politicosdosuldabahia.com.br\/v1\/wp-content\/uploads\/2022\/11\/unnamed.jpg 1600w, https:\/\/www.politicosdosuldabahia.com.br\/v1\/wp-content\/uploads\/2022\/11\/unnamed-300x200.jpg 300w, https:\/\/www.politicosdosuldabahia.com.br\/v1\/wp-content\/uploads\/2022\/11\/unnamed-768x512.jpg 768w, https:\/\/www.politicosdosuldabahia.com.br\/v1\/wp-content\/uploads\/2022\/11\/unnamed-1024x682.jpg 1024w\" sizes=\"(max-width: 455px) 100vw, 455px\" \/><\/h3>\n<h3 style=\"text-align: center\"><b><\/b><em><strong>Aporte de recursos tem destino certo, as obras da nova rodovi\u00e1ria<\/strong><\/em><\/h3>\n<p align=\"justify\"><strong><span style=\"color: #000000\"><span style=\"font-family: Tahoma, sans-serif\">Ap\u00f3s o cumprimento do prazo do pedido de vistas da oposi\u00e7\u00e3o, parlamentares votar\u00e3o, amanh\u00e3 (30), o Projeto de Lei 24.649\/2022 que autoriza a contrata\u00e7\u00e3o de cr\u00e9dito interno do Governo do Estado junto \u00e0 Caixa Econ\u00f4mica Federal, para investimentos em obras de infraestrutura. Segundo o l\u00edder da Maioria e relator da mat\u00e9ria, deputado estadual Rosemberg Pinto (PT), \u00e9 muito importante a aprova\u00e7\u00e3o do PL, cujo resultado est\u00e1 vinculado ao novo vetor de desenvolvimento da cidade de Salvador, que \u00e9 a obra da nova rodovi\u00e1ria.<\/span><\/span><\/strong><\/p>\n<p style=\"text-align: justify\" align=\"justify\"><strong><span style=\"color: #000000\"><span style=\"font-family: Tahoma, sans-serif\">Quando questionado sobre a necessidade de contrata\u00e7\u00e3o de uma nova d\u00edvida, o parlamentar foi enf\u00e1tico: \u201cEmpr\u00e9stimo \u00e9 sempre oportunidade para o Estado, pois garante juros subsidiado e condi\u00e7\u00f5es favor\u00e1veis de pagamento. Com grande capacidade de endividamento, \u00e9 vantajoso que o Estado possa tomar um empr\u00e9stimo e pagar de forma gradativa, usando o dinheiro guardado para investimentos mais imediatos. \u00c9 apenas gest\u00e3o e acho que o governador Rui Costa est\u00e1 correto\u201d, avalia, ressaltando que o montante supriria apenas parte das despesas.<\/span><\/span><\/strong><\/p>\n<p style=\"text-align: justify\" align=\"justify\"><strong><span style=\"color: #000000\"><span style=\"font-family: Tahoma, sans-serif\">Tamb\u00e9m ser\u00e3o apreciadas mat\u00e9rias que tratam da pens\u00e3o dos militares (PL 24.562\/2022) e das contas do Tribunal de Contas do Estado, referentes ao exerc\u00edcio de 2020 (Of\u00edcio 2.885\/2021).<\/span><\/span><\/strong><\/p>\n","protected":false},"excerpt":{"rendered":"<p>Aporte de recursos tem destino certo, as obras da nova rodovi\u00e1ria Ap\u00f3s o cumprimento do prazo do pedido de vistas da oposi\u00e7\u00e3o, parlamentares votar\u00e3o, amanh\u00e3 (30), o Projeto de Lei 24.649\/2022 que autoriza a contrata\u00e7\u00e3o de cr\u00e9dito interno do Governo do Estado junto \u00e0 Caixa Econ\u00f4mica Federal, para investimentos em obras de infraestrutura. Segundo o [&hellip;]<\/p>\n","protected":false},"author":992,"featured_media":168447,"comment_status":"open","ping_status":"closed","sticky":false,"template":"","format":"standard","meta":{"footnotes":"","_links_to":"","_links_to_target":""},"categories":[14],"tags":[],"class_list":["post-168446","post","type-post","status-publish","format-standard","has-post-thumbnail","hentry","category-bahia-geral"],"views":499,"_links":{"self":[{"href":"https:\/\/www.politicosdosuldabahia.com.br\/v1\/wp-json\/wp\/v2\/posts\/168446"}],"collection":[{"href":"https:\/\/www.politicosdosuldabahia.com.br\/v1\/wp-json\/wp\/v2\/posts"}],"about":[{"href":"https:\/\/www.politicosdosuldabahia.com.br\/v1\/wp-json\/wp\/v2\/types\/post"}],"author":[{"embeddable":true,"href":"https:\/\/www.politicosdosuldabahia.com.br\/v1\/wp-json\/wp\/v2\/users\/992"}],"replies":[{"embeddable":true,"href":"https:\/\/www.politicosdosuldabahia.com.br\/v1\/wp-json\/wp\/v2\/comments?post=168446"}],"version-history":[{"count":1,"href":"https:\/\/www.politicosdosuldabahia.com.br\/v1\/wp-json\/wp\/v2\/posts\/168446\/revisions"}],"predecessor-version":[{"id":168448,"href":"https:\/\/www.politicosdosuldabahia.com.br\/v1\/wp-json\/wp\/v2\/posts\/168446\/revisions\/168448"}],"wp:featuredmedia":[{"embeddable":true,"href":"https:\/\/www.politicosdosuldabahia.com.br\/v1\/wp-json\/wp\/v2\/media\/168447"}],"wp:attachment":[{"href":"https:\/\/www.politicosdosuldabahia.com.br\/v1\/wp-json\/wp\/v2\/media?parent=168446"}],"wp:term":[{"taxonomy":"category","embeddable":true,"href":"https:\/\/www.politicosdosuldabahia.com.br\/v1\/wp-json\/wp\/v2\/categories?post=168446"},{"taxonomy":"post_tag","embeddable":true,"href":"https:\/\/www.politicosdosuldabahia.com.br\/v1\/wp-json\/wp\/v2\/tags?post=168446"}],"curies":[{"name":"wp","href":"https:\/\/api.w.org\/{rel}","templated":true}]}}