
{"id":167740,"date":"2022-10-27T17:03:54","date_gmt":"2022-10-27T20:03:54","guid":{"rendered":"http:\/\/www.politicosdosuldabahia.com.br\/v1\/?p=167740"},"modified":"2022-10-27T17:03:54","modified_gmt":"2022-10-27T20:03:54","slug":"governo-do-estado-estabelece-metro-e-ferry-gratuitos-para-eleitores-no-2o-turno","status":"publish","type":"post","link":"https:\/\/www.politicosdosuldabahia.com.br\/v1\/2022\/10\/27\/governo-do-estado-estabelece-metro-e-ferry-gratuitos-para-eleitores-no-2o-turno\/","title":{"rendered":"GOVERNO DO ESTADO ESTABELECE METR\u00d4 E FERRY GRATUITOS PARA ELEITORES NO 2\u00ba TURNO"},"content":{"rendered":"<h3 style=\"text-align: justify\">Ser\u00e1 publicado, em edi\u00e7\u00e3o suplementar do Di\u00e1rio Oficial do Estado da Bahia dessa quinta-feira (27), o Decreto que estabelece a gratuidade no transporte p\u00fablico metropolitano de Salvador, no 2\u00ba turno das elei\u00e7\u00f5es.<\/h3>\n<h3 style=\"text-align: justify\">A medida vale para os usu\u00e1rios do Sistema Metrovi\u00e1rio Salvador Lauro de Freitas (SMSL), para os pedestres que utilizem o Sistema Ferry Boat, passageiros das lanchinhas que fazem a travessia entre Salvador e Mar Grande e os que usam o Transporte Rodovi\u00e1rio Metropolitano da capital. A gratuidade ocorrer\u00e1 de zero hora \u00e0s 23h59 do pr\u00f3ximo domingo (30).<\/h3>\n<h3 style=\"text-align: justify\">A Procuradoria Geral do Estado (PGE) encaminhou uma consulta ao Tribunal Superior Eleitoral (TSE) sobre a legalidade de se ampliar essa libera\u00e7\u00e3o de cobran\u00e7a, com validade na mesma data e hor\u00e1rio, tamb\u00e9m para o Transporte Intermunicipal. Qualquer decis\u00e3o nesse sentido s\u00f3 ser\u00e1 tomada com o aval da corte superior.<\/h3>\n","protected":false},"excerpt":{"rendered":"<p>Ser\u00e1 publicado, em edi\u00e7\u00e3o suplementar do Di\u00e1rio Oficial do Estado da Bahia dessa quinta-feira (27), o Decreto que estabelece a gratuidade no transporte p\u00fablico metropolitano de Salvador, no 2\u00ba turno das elei\u00e7\u00f5es. A medida vale para os usu\u00e1rios do Sistema Metrovi\u00e1rio Salvador Lauro de Freitas (SMSL), para os pedestres que utilizem o Sistema Ferry Boat, [&hellip;]<\/p>\n","protected":false},"author":992,"featured_media":0,"comment_status":"open","ping_status":"closed","sticky":false,"template":"","format":"standard","meta":{"footnotes":"","_links_to":"","_links_to_target":""},"categories":[14],"tags":[],"class_list":["post-167740","post","type-post","status-publish","format-standard","hentry","category-bahia-geral"],"views":485,"_links":{"self":[{"href":"https:\/\/www.politicosdosuldabahia.com.br\/v1\/wp-json\/wp\/v2\/posts\/167740"}],"collection":[{"href":"https:\/\/www.politicosdosuldabahia.com.br\/v1\/wp-json\/wp\/v2\/posts"}],"about":[{"href":"https:\/\/www.politicosdosuldabahia.com.br\/v1\/wp-json\/wp\/v2\/types\/post"}],"author":[{"embeddable":true,"href":"https:\/\/www.politicosdosuldabahia.com.br\/v1\/wp-json\/wp\/v2\/users\/992"}],"replies":[{"embeddable":true,"href":"https:\/\/www.politicosdosuldabahia.com.br\/v1\/wp-json\/wp\/v2\/comments?post=167740"}],"version-history":[{"count":1,"href":"https:\/\/www.politicosdosuldabahia.com.br\/v1\/wp-json\/wp\/v2\/posts\/167740\/revisions"}],"predecessor-version":[{"id":167741,"href":"https:\/\/www.politicosdosuldabahia.com.br\/v1\/wp-json\/wp\/v2\/posts\/167740\/revisions\/167741"}],"wp:attachment":[{"href":"https:\/\/www.politicosdosuldabahia.com.br\/v1\/wp-json\/wp\/v2\/media?parent=167740"}],"wp:term":[{"taxonomy":"category","embeddable":true,"href":"https:\/\/www.politicosdosuldabahia.com.br\/v1\/wp-json\/wp\/v2\/categories?post=167740"},{"taxonomy":"post_tag","embeddable":true,"href":"https:\/\/www.politicosdosuldabahia.com.br\/v1\/wp-json\/wp\/v2\/tags?post=167740"}],"curies":[{"name":"wp","href":"https:\/\/api.w.org\/{rel}","templated":true}]}}