
{"id":167709,"date":"2022-10-26T16:17:43","date_gmt":"2022-10-26T19:17:43","guid":{"rendered":"http:\/\/www.politicosdosuldabahia.com.br\/v1\/?p=167709"},"modified":"2022-10-26T16:17:43","modified_gmt":"2022-10-26T19:17:43","slug":"bahia-pt-bahia-aciona-a-justica-para-apreender-material-ilegal-que-associa-neto-a-lula","status":"publish","type":"post","link":"https:\/\/www.politicosdosuldabahia.com.br\/v1\/2022\/10\/26\/bahia-pt-bahia-aciona-a-justica-para-apreender-material-ilegal-que-associa-neto-a-lula\/","title":{"rendered":"BAHIA: PT BAHIA ACIONA A JUSTI\u00c7A PARA APREENDER MATERIAL ILEGAL QUE ASSOCIA NETO A LULA"},"content":{"rendered":"<p><img loading=\"lazy\" decoding=\"async\" class=\"wp-image-167710 aligncenter\" src=\"http:\/\/www.politicosdosuldabahia.com.br\/v1\/wp-content\/uploads\/2022\/10\/\u00c9den-Valadares-presidente-estadual-do-PT-Bahia.jpeg\" alt=\"\u00c9den Valadares - presidente estadual do PT Bahia\" width=\"455\" height=\"303\" \/><\/p>\n<h4 style=\"font-weight: 400;text-align: center\"><\/h4>\n<p>&nbsp;<\/p>\n<h4 style=\"font-weight: 400;text-align: center\"><strong><em>Partido j\u00e1 conseguiu mandado da Justi\u00e7a para apreender material gr\u00e1fico irregular em mais de 15 cidades e ingressou com a\u00e7\u00e3o para impedir distribui\u00e7\u00e3o em qualquer munic\u00edpio baiano devido \u00e0 reincid\u00eancia<\/em><\/strong><\/h4>\n<h3 style=\"font-weight: 400;text-align: justify\">O Partido dos Trabalhadores da Bahia ingressou com o pedido na Justi\u00e7a Eleitoral de busca e apreens\u00e3o de materiais gr\u00e1ficos que associam de forma fraudulenta a imagem do ex-presidente Lula, do PT, a ACM Neto, do Uni\u00e3o Brasil, a quem \u00e9 oposi\u00e7\u00e3o, em qualquer munic\u00edpio baiano. O Partido j\u00e1 conseguiu mandado da Justi\u00e7a, que considerou a pr\u00e1tica como \u201cn\u00edtido caso de fake News\u201d, para apreender material irregular em mais de 15 cidades, mas como a campanha do ex-prefeito de Salvador continua insistindo na fraude, o PT ingressou com o pedido de efeito geral para a pol\u00edcia e os \u00f3rg\u00e3os competentes apreenderem o material onde for encontrado.<\/h3>\n<h3 style=\"font-weight: 400;text-align: justify\">A irregularidade que j\u00e1 foi punida pela Justi\u00e7a em cidades como Cama\u00e7ari, Candeias, Serra do Ramalho, Adustina, Caetit\u00e9, Monte Santo e Morro do chap\u00e9u, e continua sendo praticada em outros munic\u00edpios, consiste em crime eleitoral, conforme destaca o presidente do PT Bahia, \u00c9den Valadares. \u201cPara a Justi\u00e7a, nos termos na Lei, isso \u00e9 crime eleitoral e por isso fizemos in\u00fameras representa\u00e7\u00f5es. Na pol\u00edtica, repare, o nome disso \u00e9 desespero. A turma de ACM Neto percebe a derrota e abre o modo desespero. A\u00ed vale Fake News, vale estelionato, vale fraude eleitoral e a covardia. Fica o alerta: est\u00e3o tentando enganar o eleitor, mas isso n\u00e3o vai funcionar. Nem a Justi\u00e7a deve permitir, nem o baiano vai cair nesse baratino. Quem vota em Lula 13, vota Jer\u00f4nimo 13.\u201d<\/h3>\n<h3 style=\"font-weight: 400;text-align: justify\">O coordenador jur\u00eddico da Coliga\u00e7\u00e3o Pela Bahia, Pelo Brasil, Pedro Scavuzzi, explicou que a legisla\u00e7\u00e3o eleitoral pro\u00edbe a produ\u00e7\u00e3o de materiais de campanha vinculando candidatos de coliga\u00e7\u00f5es advers\u00e1rias, como \u00e9 o caso de ACM Neto e Lula. \u201cLula tem candidato na Bahia e \u00e9 Jer\u00f4nimo. A vincula\u00e7\u00e3o de Lula a outro candidato a governador no Estado, que n\u00e3o Jer\u00f4nimo, \u00e9 ilegal. Todos os santinhos e materiais que fazem isso s\u00e3o ilegais e por isso existem diversas medidas de buscas e apreens\u00f5es para recolher esse material. Em mais de 15 cidades as pessoas t\u00eam sido identificadas em a\u00e7\u00e3o criminosa. Al\u00e9m disso, a\u00e7\u00f5es deferidas pela Justi\u00e7a Eleitoral, como pedidos de investiga\u00e7\u00e3o para apura\u00e7\u00e3o do crime tipificado no art. 323, CE, est\u00e3o em curso. A Lei e a verdade devem prevalecer na disputa\u201d.<\/h3>\n","protected":false},"excerpt":{"rendered":"<p>&nbsp; Partido j\u00e1 conseguiu mandado da Justi\u00e7a para apreender material gr\u00e1fico irregular em mais de 15 cidades e ingressou com a\u00e7\u00e3o para impedir distribui\u00e7\u00e3o em qualquer munic\u00edpio baiano devido \u00e0 reincid\u00eancia O Partido dos Trabalhadores da Bahia ingressou com o pedido na Justi\u00e7a Eleitoral de busca e apreens\u00e3o de materiais gr\u00e1ficos que associam de forma [&hellip;]<\/p>\n","protected":false},"author":992,"featured_media":167710,"comment_status":"open","ping_status":"closed","sticky":false,"template":"","format":"standard","meta":{"footnotes":"","_links_to":"","_links_to_target":""},"categories":[14,4],"tags":[],"class_list":["post-167709","post","type-post","status-publish","format-standard","has-post-thumbnail","hentry","category-bahia-geral","category-politica"],"views":549,"_links":{"self":[{"href":"https:\/\/www.politicosdosuldabahia.com.br\/v1\/wp-json\/wp\/v2\/posts\/167709"}],"collection":[{"href":"https:\/\/www.politicosdosuldabahia.com.br\/v1\/wp-json\/wp\/v2\/posts"}],"about":[{"href":"https:\/\/www.politicosdosuldabahia.com.br\/v1\/wp-json\/wp\/v2\/types\/post"}],"author":[{"embeddable":true,"href":"https:\/\/www.politicosdosuldabahia.com.br\/v1\/wp-json\/wp\/v2\/users\/992"}],"replies":[{"embeddable":true,"href":"https:\/\/www.politicosdosuldabahia.com.br\/v1\/wp-json\/wp\/v2\/comments?post=167709"}],"version-history":[{"count":1,"href":"https:\/\/www.politicosdosuldabahia.com.br\/v1\/wp-json\/wp\/v2\/posts\/167709\/revisions"}],"predecessor-version":[{"id":167711,"href":"https:\/\/www.politicosdosuldabahia.com.br\/v1\/wp-json\/wp\/v2\/posts\/167709\/revisions\/167711"}],"wp:featuredmedia":[{"embeddable":true,"href":"https:\/\/www.politicosdosuldabahia.com.br\/v1\/wp-json\/wp\/v2\/media\/167710"}],"wp:attachment":[{"href":"https:\/\/www.politicosdosuldabahia.com.br\/v1\/wp-json\/wp\/v2\/media?parent=167709"}],"wp:term":[{"taxonomy":"category","embeddable":true,"href":"https:\/\/www.politicosdosuldabahia.com.br\/v1\/wp-json\/wp\/v2\/categories?post=167709"},{"taxonomy":"post_tag","embeddable":true,"href":"https:\/\/www.politicosdosuldabahia.com.br\/v1\/wp-json\/wp\/v2\/tags?post=167709"}],"curies":[{"name":"wp","href":"https:\/\/api.w.org\/{rel}","templated":true}]}}