
{"id":167531,"date":"2022-10-20T09:22:41","date_gmt":"2022-10-20T12:22:41","guid":{"rendered":"http:\/\/www.politicosdosuldabahia.com.br\/v1\/?p=167531"},"modified":"2022-10-20T09:22:41","modified_gmt":"2022-10-20T12:22:41","slug":"iheus-acm-neto-realizara-caminhada-neste-sabado-no-bairro-teotonio-vilela","status":"publish","type":"post","link":"https:\/\/www.politicosdosuldabahia.com.br\/v1\/2022\/10\/20\/iheus-acm-neto-realizara-caminhada-neste-sabado-no-bairro-teotonio-vilela\/","title":{"rendered":"IH\u00c9US: ACM NETO REALIZAR\u00c1 CAMINHADA NESTE S\u00c1BADO, NO BAIRRO TEOT\u00d4NIO VILELA"},"content":{"rendered":"<div id=\":1c3\" class=\"ii gt\">\n<div id=\":1ck\" class=\"a3s aiL \">\n<div dir=\"ltr\">\n<p>&nbsp;<\/p>\n<p><img loading=\"lazy\" decoding=\"async\" class=\"size-full wp-image-167532 aligncenter\" src=\"http:\/\/www.politicosdosuldabahia.com.br\/v1\/wp-content\/uploads\/2022\/10\/ACM-Neto-em-Ilh\u00e9us.jpg\" alt=\"ACM Neto em Ilh\u00e9us\" width=\"455\" height=\"303\" srcset=\"https:\/\/www.politicosdosuldabahia.com.br\/v1\/wp-content\/uploads\/2022\/10\/ACM-Neto-em-Ilh\u00e9us.jpg 455w, https:\/\/www.politicosdosuldabahia.com.br\/v1\/wp-content\/uploads\/2022\/10\/ACM-Neto-em-Ilh\u00e9us-300x200.jpg 300w\" sizes=\"(max-width: 455px) 100vw, 455px\" \/><\/p>\n<h3 style=\"text-align: justify\">O candidato a governador da Bahia, ACM Neto, estar\u00e1 em Ilh\u00e9us neste s\u00e1bado(22) para realizar uma grande caminhada no bairro Teot\u00f4nio Vilela. A concentra\u00e7\u00e3o ser\u00e1 \u00e0s 9 horas da manh\u00e3 na pra\u00e7a principal do bairro. Em seguida, ACM vai percorrer as principais ruas do Teot\u00f4nio Vilela para abra\u00e7ar os moradores e mostrar os seus projetos para mudar a Bahia.<\/h3>\n<h3 style=\"text-align: justify\">J\u00e1 est\u00e3o confirmadas as presen\u00e7as de deputados estaduais e federais, prefeitos de diversas cidades, vereadores e lideran\u00e7as pol\u00edticas da regi\u00e3o. O objetivo \u00e9 apresentar as propostas de mudan\u00e7as e reafirmar que ACM Neto ser\u00e1 o pr\u00f3ximo governador da Bahia.<\/h3>\n<h3 style=\"text-align: justify\">Durante a caminhada, o candidato ao governo da Bahia vai parar em diversos pontos para conversar com moradores, tirar fotos e ouvir os estudantes, comerciantes e a comunidade ilheense para saber o que espera do futuro governador. ACM Neto tamb\u00e9m vai garantir que como governador vai fazer pela Bahia o que fez por Salvador, onde foi escolhido, por oito anos consecutivos, o melhor prefeito do Brasil.<\/h3>\n<\/div>\n<h3 class=\"yj6qo\" style=\"text-align: justify\"><\/h3>\n<div class=\"adL\"><\/div>\n<\/div>\n<\/div>\n<div id=\":18j\" class=\"hq gt a10\"><\/div>\n","protected":false},"excerpt":{"rendered":"<p>&nbsp; O candidato a governador da Bahia, ACM Neto, estar\u00e1 em Ilh\u00e9us neste s\u00e1bado(22) para realizar uma grande caminhada no bairro Teot\u00f4nio Vilela. A concentra\u00e7\u00e3o ser\u00e1 \u00e0s 9 horas da manh\u00e3 na pra\u00e7a principal do bairro. Em seguida, ACM vai percorrer as principais ruas do Teot\u00f4nio Vilela para abra\u00e7ar os moradores e mostrar os seus [&hellip;]<\/p>\n","protected":false},"author":992,"featured_media":0,"comment_status":"open","ping_status":"open","sticky":false,"template":"","format":"standard","meta":{"footnotes":"","_links_to":"","_links_to_target":""},"categories":[14,4],"tags":[],"class_list":["post-167531","post","type-post","status-publish","format-standard","hentry","category-bahia-geral","category-politica"],"views":541,"_links":{"self":[{"href":"https:\/\/www.politicosdosuldabahia.com.br\/v1\/wp-json\/wp\/v2\/posts\/167531"}],"collection":[{"href":"https:\/\/www.politicosdosuldabahia.com.br\/v1\/wp-json\/wp\/v2\/posts"}],"about":[{"href":"https:\/\/www.politicosdosuldabahia.com.br\/v1\/wp-json\/wp\/v2\/types\/post"}],"author":[{"embeddable":true,"href":"https:\/\/www.politicosdosuldabahia.com.br\/v1\/wp-json\/wp\/v2\/users\/992"}],"replies":[{"embeddable":true,"href":"https:\/\/www.politicosdosuldabahia.com.br\/v1\/wp-json\/wp\/v2\/comments?post=167531"}],"version-history":[{"count":1,"href":"https:\/\/www.politicosdosuldabahia.com.br\/v1\/wp-json\/wp\/v2\/posts\/167531\/revisions"}],"predecessor-version":[{"id":167533,"href":"https:\/\/www.politicosdosuldabahia.com.br\/v1\/wp-json\/wp\/v2\/posts\/167531\/revisions\/167533"}],"wp:attachment":[{"href":"https:\/\/www.politicosdosuldabahia.com.br\/v1\/wp-json\/wp\/v2\/media?parent=167531"}],"wp:term":[{"taxonomy":"category","embeddable":true,"href":"https:\/\/www.politicosdosuldabahia.com.br\/v1\/wp-json\/wp\/v2\/categories?post=167531"},{"taxonomy":"post_tag","embeddable":true,"href":"https:\/\/www.politicosdosuldabahia.com.br\/v1\/wp-json\/wp\/v2\/tags?post=167531"}],"curies":[{"name":"wp","href":"https:\/\/api.w.org\/{rel}","templated":true}]}}