
{"id":167526,"date":"2022-10-20T09:14:49","date_gmt":"2022-10-20T12:14:49","guid":{"rendered":"http:\/\/www.politicosdosuldabahia.com.br\/v1\/?p=167526"},"modified":"2022-10-20T09:14:49","modified_gmt":"2022-10-20T12:14:49","slug":"mucuri-ex-prefeito-e-mais-um-a-abandonar-neto-e-apoiar-jeronimo","status":"publish","type":"post","link":"https:\/\/www.politicosdosuldabahia.com.br\/v1\/2022\/10\/20\/mucuri-ex-prefeito-e-mais-um-a-abandonar-neto-e-apoiar-jeronimo\/","title":{"rendered":"MUCURI: EX-PREFEITO \u00c9 MAIS UM A ABANDONAR NETO E APOIAR JER\u00d4NIMO"},"content":{"rendered":"<p style=\"font-weight: 400\">\n<h4 style=\"font-weight: 400;text-align: center\"><strong><em>Paulo Alexandre Matos Griffo, conhecido como Paulo de Tixa, decidiu apoiar Jer\u00f4nimo por entender que o candidato do PT \u00e9 o melhor para a Bahia<\/em><\/strong><\/h4>\n<h3 style=\"font-weight: 400;text-align: justify\">\u00a0Paulo Alexandre Matos Griffo, conhecido como Paulo de Tixa, ex-prefeito do munic\u00edpio de Mucuri (PSB), decidiu abandonar ACM Neto e apoiar Jer\u00f4nimo Rodrigues, candidato do PT ao Governo do Estado, no segundo turno das elei\u00e7\u00f5es. O an\u00fancio foi feito nesta quarta-feira, 19. Robertinho destacou sua gratid\u00e3o ao governador Rui Costa pelo per\u00edodo em que o munic\u00edpio mais recebeu recursos do Governo do Estado e disse que pensando no melhor para a Bahia e para o Brasil tomou a decis\u00e3o de apoiar Jer\u00f4nimo e Lula.<\/h3>\n<h3 style=\"font-weight: 400;text-align: justify\">\u00a0\u201cMeus amigos e minhas amigas do munic\u00edpio de Mucuri, no dia 30 de outubro ser\u00e1 uma data muito importante para decidirmos o futuro da Bahia e do Brasil. A data em que escolheremos governador da Bahia e o presidente do pa\u00eds. Como voc\u00eas sabem, eu fui prefeito do munic\u00edpio de Mucuri por oito anos, nesse per\u00edodo foi o per\u00edodo em que o munic\u00edpio mais recebeu recursos do Governo do Estado e do Governo Federal\u201d, destacou o ex-prefeito.<\/h3>\n<h3 style=\"font-weight: 400;text-align: justify\"><\/h3>\n<h3 style=\"font-weight: 400;text-align: justify\">Paulo de Tixa afirmou ainda: \u201cFizemos grandes parcerias com o governador Rui Costa, com o governador Jaques Wagner, com o presidente Lula e com a presidente Dilma. Por essa raz\u00e3o, sou muito grato a todos eles por todos os benef\u00edcios que conseguimos trazer para Mucuri, pensando no futuro do munic\u00edpio de Mucuri, no futuro da Bahia e no do Brasil, eu, ao conversar com minha fam\u00edlia e meu grupo pol\u00edtico que nesse momento eu vou apoiar e vou votar em Lula presidente 13 e 13 tamb\u00e9m em Jer\u00f4nimo governador da Bahia&#8221;.<\/h3>\n","protected":false},"excerpt":{"rendered":"<p>Paulo Alexandre Matos Griffo, conhecido como Paulo de Tixa, decidiu apoiar Jer\u00f4nimo por entender que o candidato do PT \u00e9 o melhor para a Bahia \u00a0Paulo Alexandre Matos Griffo, conhecido como Paulo de Tixa, ex-prefeito do munic\u00edpio de Mucuri (PSB), decidiu abandonar ACM Neto e apoiar Jer\u00f4nimo Rodrigues, candidato do PT ao Governo do Estado, [&hellip;]<\/p>\n","protected":false},"author":992,"featured_media":0,"comment_status":"open","ping_status":"open","sticky":false,"template":"","format":"standard","meta":{"footnotes":"","_links_to":"","_links_to_target":""},"categories":[14,4],"tags":[],"class_list":["post-167526","post","type-post","status-publish","format-standard","hentry","category-bahia-geral","category-politica"],"views":563,"_links":{"self":[{"href":"https:\/\/www.politicosdosuldabahia.com.br\/v1\/wp-json\/wp\/v2\/posts\/167526"}],"collection":[{"href":"https:\/\/www.politicosdosuldabahia.com.br\/v1\/wp-json\/wp\/v2\/posts"}],"about":[{"href":"https:\/\/www.politicosdosuldabahia.com.br\/v1\/wp-json\/wp\/v2\/types\/post"}],"author":[{"embeddable":true,"href":"https:\/\/www.politicosdosuldabahia.com.br\/v1\/wp-json\/wp\/v2\/users\/992"}],"replies":[{"embeddable":true,"href":"https:\/\/www.politicosdosuldabahia.com.br\/v1\/wp-json\/wp\/v2\/comments?post=167526"}],"version-history":[{"count":1,"href":"https:\/\/www.politicosdosuldabahia.com.br\/v1\/wp-json\/wp\/v2\/posts\/167526\/revisions"}],"predecessor-version":[{"id":167527,"href":"https:\/\/www.politicosdosuldabahia.com.br\/v1\/wp-json\/wp\/v2\/posts\/167526\/revisions\/167527"}],"wp:attachment":[{"href":"https:\/\/www.politicosdosuldabahia.com.br\/v1\/wp-json\/wp\/v2\/media?parent=167526"}],"wp:term":[{"taxonomy":"category","embeddable":true,"href":"https:\/\/www.politicosdosuldabahia.com.br\/v1\/wp-json\/wp\/v2\/categories?post=167526"},{"taxonomy":"post_tag","embeddable":true,"href":"https:\/\/www.politicosdosuldabahia.com.br\/v1\/wp-json\/wp\/v2\/tags?post=167526"}],"curies":[{"name":"wp","href":"https:\/\/api.w.org\/{rel}","templated":true}]}}