
{"id":167425,"date":"2022-10-14T10:16:04","date_gmt":"2022-10-14T13:16:04","guid":{"rendered":"http:\/\/www.politicosdosuldabahia.com.br\/v1\/?p=167425"},"modified":"2022-10-14T10:16:04","modified_gmt":"2022-10-14T13:16:04","slug":"eunapolis-saude-alerta-para-importancia-da-vacinacao-contra-a-paralisia-infantil","status":"publish","type":"post","link":"https:\/\/www.politicosdosuldabahia.com.br\/v1\/2022\/10\/14\/eunapolis-saude-alerta-para-importancia-da-vacinacao-contra-a-paralisia-infantil\/","title":{"rendered":"EUN\u00c1POLIS: SA\u00daDE ALERTA PARA IMPORT\u00c2NCIA DA VACINA\u00c7\u00c3O CONTRA A PARALISIA INFANTIL"},"content":{"rendered":"<h3 style=\"font-weight: 400\">\u00a0<img loading=\"lazy\" decoding=\"async\" class=\"alignnone size-full wp-image-167426 aligncenter\" src=\"http:\/\/www.politicosdosuldabahia.com.br\/v1\/wp-content\/uploads\/2022\/10\/card-polio.jpg\" alt=\"card-polio\" width=\"455\" height=\"568\" srcset=\"https:\/\/www.politicosdosuldabahia.com.br\/v1\/wp-content\/uploads\/2022\/10\/card-polio.jpg 455w, https:\/\/www.politicosdosuldabahia.com.br\/v1\/wp-content\/uploads\/2022\/10\/card-polio-240x300.jpg 240w\" sizes=\"(max-width: 455px) 100vw, 455px\" \/><\/h3>\n<h3 style=\"font-weight: 400;text-align: justify\">Devido \u00e0 baixa cobertura vacinal em todo pa\u00eds, a Secretaria de Sa\u00fade de Eun\u00e1polis alerta pais e respons\u00e1veis sobre a import\u00e2ncia da vacina\u00e7\u00e3o contra poliomielite (paralisia infantil). A vacina \u00e9 o \u00fanico m\u00e9todo capaz de prevenir contra a doen\u00e7a, que, nos casos graves, pode provocar paralisia dos membros inferiores, principalmente no atual cen\u00e1rio de registro de novos casos no territ\u00f3rio nacional.<\/h3>\n<h3 style=\"font-weight: 400;text-align: justify\">O p\u00fablico-alvo da campanha s\u00e3o crian\u00e7as de um ano a menores de cinco anos, que podem ter acesso \u00e0 imuniza\u00e7\u00e3o em todas as Unidades B\u00e1sicas de Sa\u00fade com salas de vacina em funcionamento, das 8h \u00e0s 11h30 e das 14h \u00e0s 16h30, durante as sextas-feiras.<\/h3>\n<h3 style=\"font-weight: 400;text-align: justify\">No ato da vacina\u00e7\u00e3o, \u00e9 necess\u00e1rio que pais e respons\u00e1veis apresentem documento oficial com foto, cart\u00e3o SUS e cart\u00e3o de vacina das crian\u00e7as.<\/h3>\n<h3 style=\"font-weight: 400;text-align: justify\">\u201cAlertamos pais e respons\u00e1veis sobre a necessidade da urg\u00eancia da vacina\u00e7\u00e3o, pois nossas crian\u00e7as n\u00e3o podem ficar desprotegidas. Paralisia infantil \u00e9 uma doen\u00e7a grave, ent\u00e3o precisamos do apoio de todos para evitar que existam casos na nossa cidade. Procurem a UBS com sala de vacina mais pr\u00f3xima da sua casa e imunizem as crian\u00e7as\u201d, alertou a secret\u00e1ria de Sa\u00fade, P\u00e2mela Dadalto.<\/h3>\n<h3 style=\"font-weight: 400;text-align: justify\"><\/h3>\n","protected":false},"excerpt":{"rendered":"<p>\u00a0 Devido \u00e0 baixa cobertura vacinal em todo pa\u00eds, a Secretaria de Sa\u00fade de Eun\u00e1polis alerta pais e respons\u00e1veis sobre a import\u00e2ncia da vacina\u00e7\u00e3o contra poliomielite (paralisia infantil). A vacina \u00e9 o \u00fanico m\u00e9todo capaz de prevenir contra a doen\u00e7a, que, nos casos graves, pode provocar paralisia dos membros inferiores, principalmente no atual cen\u00e1rio de [&hellip;]<\/p>\n","protected":false},"author":992,"featured_media":167426,"comment_status":"open","ping_status":"open","sticky":false,"template":"","format":"standard","meta":{"footnotes":"","_links_to":"","_links_to_target":""},"categories":[14],"tags":[],"class_list":["post-167425","post","type-post","status-publish","format-standard","has-post-thumbnail","hentry","category-bahia-geral"],"views":506,"_links":{"self":[{"href":"https:\/\/www.politicosdosuldabahia.com.br\/v1\/wp-json\/wp\/v2\/posts\/167425"}],"collection":[{"href":"https:\/\/www.politicosdosuldabahia.com.br\/v1\/wp-json\/wp\/v2\/posts"}],"about":[{"href":"https:\/\/www.politicosdosuldabahia.com.br\/v1\/wp-json\/wp\/v2\/types\/post"}],"author":[{"embeddable":true,"href":"https:\/\/www.politicosdosuldabahia.com.br\/v1\/wp-json\/wp\/v2\/users\/992"}],"replies":[{"embeddable":true,"href":"https:\/\/www.politicosdosuldabahia.com.br\/v1\/wp-json\/wp\/v2\/comments?post=167425"}],"version-history":[{"count":1,"href":"https:\/\/www.politicosdosuldabahia.com.br\/v1\/wp-json\/wp\/v2\/posts\/167425\/revisions"}],"predecessor-version":[{"id":167427,"href":"https:\/\/www.politicosdosuldabahia.com.br\/v1\/wp-json\/wp\/v2\/posts\/167425\/revisions\/167427"}],"wp:featuredmedia":[{"embeddable":true,"href":"https:\/\/www.politicosdosuldabahia.com.br\/v1\/wp-json\/wp\/v2\/media\/167426"}],"wp:attachment":[{"href":"https:\/\/www.politicosdosuldabahia.com.br\/v1\/wp-json\/wp\/v2\/media?parent=167425"}],"wp:term":[{"taxonomy":"category","embeddable":true,"href":"https:\/\/www.politicosdosuldabahia.com.br\/v1\/wp-json\/wp\/v2\/categories?post=167425"},{"taxonomy":"post_tag","embeddable":true,"href":"https:\/\/www.politicosdosuldabahia.com.br\/v1\/wp-json\/wp\/v2\/tags?post=167425"}],"curies":[{"name":"wp","href":"https:\/\/api.w.org\/{rel}","templated":true}]}}