
{"id":167417,"date":"2022-10-14T10:12:59","date_gmt":"2022-10-14T13:12:59","guid":{"rendered":"http:\/\/www.politicosdosuldabahia.com.br\/v1\/?p=167417"},"modified":"2022-10-14T10:12:59","modified_gmt":"2022-10-14T13:12:59","slug":"itubera-prefeito-e-mais-um-a-abandonar-acm-neto-e-apoiar-jeronimo","status":"publish","type":"post","link":"https:\/\/www.politicosdosuldabahia.com.br\/v1\/2022\/10\/14\/itubera-prefeito-e-mais-um-a-abandonar-acm-neto-e-apoiar-jeronimo\/","title":{"rendered":"ITUBER\u00c1: PREFEITO \u00c9 MAIS UM A ABANDONAR ACM NETO E APOIAR JER\u00d4NIMO"},"content":{"rendered":"<h4 style=\"text-align: center\"><img loading=\"lazy\" decoding=\"async\" class=\"alignnone wp-image-167423\" src=\"http:\/\/www.politicosdosuldabahia.com.br\/v1\/wp-content\/uploads\/2022\/10\/WhatsApp-Image-2022-10-13-at-22.28.51.jpeg\" alt=\"WhatsApp Image 2022-10-13 at 22.28.51\" width=\"455\" height=\"188\" srcset=\"https:\/\/www.politicosdosuldabahia.com.br\/v1\/wp-content\/uploads\/2022\/10\/WhatsApp-Image-2022-10-13-at-22.28.51.jpeg 1280w, https:\/\/www.politicosdosuldabahia.com.br\/v1\/wp-content\/uploads\/2022\/10\/WhatsApp-Image-2022-10-13-at-22.28.51-300x124.jpeg 300w, https:\/\/www.politicosdosuldabahia.com.br\/v1\/wp-content\/uploads\/2022\/10\/WhatsApp-Image-2022-10-13-at-22.28.51-768x317.jpeg 768w, https:\/\/www.politicosdosuldabahia.com.br\/v1\/wp-content\/uploads\/2022\/10\/WhatsApp-Image-2022-10-13-at-22.28.51-1024x422.jpeg 1024w\" sizes=\"(max-width: 455px) 100vw, 455px\" \/><\/h4>\n<h4 style=\"text-align: center\"><strong>Reges Arag\u00e3o (PP) destacou que Jer\u00f4nimo ir\u00e1 fazer mais e melhor pela Bahia<\/strong><\/h4>\n<h3 style=\"text-align: justify\">O prefeito Reges Arag\u00e3o (PP), de Ituber\u00e1, anunciou o apoio ao candidato a governador Jer\u00f4nimo Rodrigues (PT) nesta quinta-feira (13). O pepista havia apoiado o ex-prefeito de Salvador Acm Neto (Uni\u00e3o Brasil) no primeiro turno.<\/h3>\n<h3 style=\"text-align: justify\">&#8220;\u00c9 hora de avan\u00e7ar, Ituber\u00e1, hora de seguir em frente. Estamos aqui juntos pensando numa cidade mais forte, num Baixo Sul unificado. Para fazer muito ao lado desse time, \u00e9 Jer\u00f4nimo governador para fazer muito mais e muito melhor&#8221;, afirmou o prefeito.<\/h3>\n<h3 style=\"text-align: justify\">&#8220;N\u00f3s ficamos muito felizes pelo apoio desse grande prefeito de Ituber\u00e1 a nossa candidatura. Eu gostaria de agradecer a popula\u00e7\u00e3o por cada um dos 4.111 votos que conquistamos no munic\u00edpio, os votos no presidente Lula, no nosso senador Otto Alencar e em todo nosso time. N\u00f3s vamos buscar conquistar mais votos ainda para vencermos no Brasil e na Bahia no dia 30&#8221;, declarou Jer\u00f4nimo.<\/h3>\n<h3 style=\"text-align: justify\">Desde o come\u00e7o do segundo turno da disputa estadual, a campanha do postulante petista ao Pal\u00e1cio de Ondina vem recebendo diversos apoios de prefeitos, ex-prefeitos, deputados, vereadores e lideran\u00e7as pol\u00edticas. A candidatura de Jer\u00f4nimo foi apoiada por cinco novas legendas para a segunda metade do pleito estadual: PSOL, Patriota, PSC, PV e Rede Sustentabilidade.<\/h3>\n<h3 style=\"text-align: justify\">Nesta segunda-feira (10), os prefeitos Nena Costa (PSD), de Inhambupe, Reginaldo Prado (PSD), de Candiba, e Marcus Sarmento (PP), de Itanagra, que estavam apoiando o ex-prefeito Acm Neto anunciaram ades\u00e3o a candidatura de Jer\u00f4nimo.<\/h3>\n","protected":false},"excerpt":{"rendered":"<p>Reges Arag\u00e3o (PP) destacou que Jer\u00f4nimo ir\u00e1 fazer mais e melhor pela Bahia O prefeito Reges Arag\u00e3o (PP), de Ituber\u00e1, anunciou o apoio ao candidato a governador Jer\u00f4nimo Rodrigues (PT) nesta quinta-feira (13). O pepista havia apoiado o ex-prefeito de Salvador Acm Neto (Uni\u00e3o Brasil) no primeiro turno. &#8220;\u00c9 hora de avan\u00e7ar, Ituber\u00e1, hora de [&hellip;]<\/p>\n","protected":false},"author":992,"featured_media":167423,"comment_status":"open","ping_status":"open","sticky":false,"template":"","format":"standard","meta":{"footnotes":"","_links_to":"","_links_to_target":""},"categories":[14,4],"tags":[],"class_list":["post-167417","post","type-post","status-publish","format-standard","has-post-thumbnail","hentry","category-bahia-geral","category-politica"],"views":617,"_links":{"self":[{"href":"https:\/\/www.politicosdosuldabahia.com.br\/v1\/wp-json\/wp\/v2\/posts\/167417"}],"collection":[{"href":"https:\/\/www.politicosdosuldabahia.com.br\/v1\/wp-json\/wp\/v2\/posts"}],"about":[{"href":"https:\/\/www.politicosdosuldabahia.com.br\/v1\/wp-json\/wp\/v2\/types\/post"}],"author":[{"embeddable":true,"href":"https:\/\/www.politicosdosuldabahia.com.br\/v1\/wp-json\/wp\/v2\/users\/992"}],"replies":[{"embeddable":true,"href":"https:\/\/www.politicosdosuldabahia.com.br\/v1\/wp-json\/wp\/v2\/comments?post=167417"}],"version-history":[{"count":1,"href":"https:\/\/www.politicosdosuldabahia.com.br\/v1\/wp-json\/wp\/v2\/posts\/167417\/revisions"}],"predecessor-version":[{"id":167424,"href":"https:\/\/www.politicosdosuldabahia.com.br\/v1\/wp-json\/wp\/v2\/posts\/167417\/revisions\/167424"}],"wp:featuredmedia":[{"embeddable":true,"href":"https:\/\/www.politicosdosuldabahia.com.br\/v1\/wp-json\/wp\/v2\/media\/167423"}],"wp:attachment":[{"href":"https:\/\/www.politicosdosuldabahia.com.br\/v1\/wp-json\/wp\/v2\/media?parent=167417"}],"wp:term":[{"taxonomy":"category","embeddable":true,"href":"https:\/\/www.politicosdosuldabahia.com.br\/v1\/wp-json\/wp\/v2\/categories?post=167417"},{"taxonomy":"post_tag","embeddable":true,"href":"https:\/\/www.politicosdosuldabahia.com.br\/v1\/wp-json\/wp\/v2\/tags?post=167417"}],"curies":[{"name":"wp","href":"https:\/\/api.w.org\/{rel}","templated":true}]}}