
{"id":166953,"date":"2022-09-27T11:39:52","date_gmt":"2022-09-27T14:39:52","guid":{"rendered":"http:\/\/www.politicosdosuldabahia.com.br\/v1\/?p=166953"},"modified":"2022-09-27T11:39:52","modified_gmt":"2022-09-27T14:39:52","slug":"direita-e-carlismo-40-anos-de-desprezo-para-a-regiao-sul-quem-desenvolve-a-bahia-e-o-pt","status":"publish","type":"post","link":"https:\/\/www.politicosdosuldabahia.com.br\/v1\/2022\/09\/27\/direita-e-carlismo-40-anos-de-desprezo-para-a-regiao-sul-quem-desenvolve-a-bahia-e-o-pt\/","title":{"rendered":"DIREITA E CARLISMO: 40 ANOS DE DESPREZO PARA A REGI\u00c3O SUL; QUEM DESENVOLVE A BAHIA \u00c9 O PT!"},"content":{"rendered":"<h3 style=\"text-align: justify\"><img loading=\"lazy\" decoding=\"async\" class=\"wp-image-166954 aligncenter\" src=\"http:\/\/www.politicosdosuldabahia.com.br\/v1\/wp-content\/uploads\/2022\/09\/WhatsApp-Image-2022-09-27-at-11.06.05.jpeg\" alt=\"WhatsApp Image 2022-09-27 at 11.06.05\" width=\"303\" height=\"455\" srcset=\"https:\/\/www.politicosdosuldabahia.com.br\/v1\/wp-content\/uploads\/2022\/09\/WhatsApp-Image-2022-09-27-at-11.06.05.jpeg 800w, https:\/\/www.politicosdosuldabahia.com.br\/v1\/wp-content\/uploads\/2022\/09\/WhatsApp-Image-2022-09-27-at-11.06.05-200x300.jpeg 200w, https:\/\/www.politicosdosuldabahia.com.br\/v1\/wp-content\/uploads\/2022\/09\/WhatsApp-Image-2022-09-27-at-11.06.05-768x1152.jpeg 768w, https:\/\/www.politicosdosuldabahia.com.br\/v1\/wp-content\/uploads\/2022\/09\/WhatsApp-Image-2022-09-27-at-11.06.05-683x1024.jpeg 683w\" sizes=\"(max-width: 303px) 100vw, 303px\" \/><\/h3>\n<h3 style=\"text-align: justify\">O grupo do candidato ACM Neto governou a Bahia por 40 anos, per\u00edodo em que sempre estiveram alinhados ao governo federal. Itabuna, Ilh\u00e9us e a regi\u00e3o foram tratadas com profundo desprezo.<\/h3>\n<h3 style=\"text-align: justify\">S\u00f3 com a chegada do PT essas duas cidades e nossa regi\u00e3o passaram ser tratadas com prioridade. Lula e Dilma trouxeram a ferrovia, Porto Sul, Gasoduto, Universidade Federal, Escolas T\u00e9cnicas.<\/h3>\n<h3 style=\"text-align: justify\">Wagner e Rui trouxeram investimentos que geram desenvolvimento na regi\u00e3o. Itabuna recebeu a barragem do Rio Col\u00f4nia, Teatro Candinha D\u00f3rea, Policl\u00ednica, Escola de tempo integral, est\u00e1dio amador, duplica\u00e7\u00e3o da Ilh\u00e9us &#8211; Itabuna.<\/h3>\n<h3 style=\"text-align: justify\">A cidade irm\u00e3 foi beneficiada com o Hospital Costa do Cacau, duas UPAs, Policl\u00ednica, urbaniza\u00e7\u00e3o e duplica\u00e7\u00e3o da orla Sul, Hospital Materno Infantil, Ponte Estaiada, saneamento em toda zona sul.<\/h3>\n<h3 style=\"text-align: justify\">Ent\u00e3o, para essas duas cidades e a regi\u00e3o continuarem sendo tratadas como prioridades, vamos eleger LULA13, Jeronimo13 e Otto555.<\/h3>\n","protected":false},"excerpt":{"rendered":"<p>O grupo do candidato ACM Neto governou a Bahia por 40 anos, per\u00edodo em que sempre estiveram alinhados ao governo federal. Itabuna, Ilh\u00e9us e a regi\u00e3o foram tratadas com profundo desprezo. S\u00f3 com a chegada do PT essas duas cidades e nossa regi\u00e3o passaram ser tratadas com prioridade. Lula e Dilma trouxeram a ferrovia, Porto [&hellip;]<\/p>\n","protected":false},"author":992,"featured_media":166954,"comment_status":"open","ping_status":"open","sticky":false,"template":"","format":"standard","meta":{"footnotes":"","_links_to":"","_links_to_target":""},"categories":[14,4],"tags":[],"class_list":["post-166953","post","type-post","status-publish","format-standard","has-post-thumbnail","hentry","category-bahia-geral","category-politica"],"views":689,"_links":{"self":[{"href":"https:\/\/www.politicosdosuldabahia.com.br\/v1\/wp-json\/wp\/v2\/posts\/166953"}],"collection":[{"href":"https:\/\/www.politicosdosuldabahia.com.br\/v1\/wp-json\/wp\/v2\/posts"}],"about":[{"href":"https:\/\/www.politicosdosuldabahia.com.br\/v1\/wp-json\/wp\/v2\/types\/post"}],"author":[{"embeddable":true,"href":"https:\/\/www.politicosdosuldabahia.com.br\/v1\/wp-json\/wp\/v2\/users\/992"}],"replies":[{"embeddable":true,"href":"https:\/\/www.politicosdosuldabahia.com.br\/v1\/wp-json\/wp\/v2\/comments?post=166953"}],"version-history":[{"count":1,"href":"https:\/\/www.politicosdosuldabahia.com.br\/v1\/wp-json\/wp\/v2\/posts\/166953\/revisions"}],"predecessor-version":[{"id":166955,"href":"https:\/\/www.politicosdosuldabahia.com.br\/v1\/wp-json\/wp\/v2\/posts\/166953\/revisions\/166955"}],"wp:featuredmedia":[{"embeddable":true,"href":"https:\/\/www.politicosdosuldabahia.com.br\/v1\/wp-json\/wp\/v2\/media\/166954"}],"wp:attachment":[{"href":"https:\/\/www.politicosdosuldabahia.com.br\/v1\/wp-json\/wp\/v2\/media?parent=166953"}],"wp:term":[{"taxonomy":"category","embeddable":true,"href":"https:\/\/www.politicosdosuldabahia.com.br\/v1\/wp-json\/wp\/v2\/categories?post=166953"},{"taxonomy":"post_tag","embeddable":true,"href":"https:\/\/www.politicosdosuldabahia.com.br\/v1\/wp-json\/wp\/v2\/tags?post=166953"}],"curies":[{"name":"wp","href":"https:\/\/api.w.org\/{rel}","templated":true}]}}