
{"id":166407,"date":"2022-09-06T19:09:57","date_gmt":"2022-09-06T22:09:57","guid":{"rendered":"http:\/\/www.politicosdosuldabahia.com.br\/v1\/?p=166407"},"modified":"2022-09-06T19:09:57","modified_gmt":"2022-09-06T22:09:57","slug":"deputado-rosemberg-defende-que-a-educacao-e-base-da-transformacao-social","status":"publish","type":"post","link":"https:\/\/www.politicosdosuldabahia.com.br\/v1\/2022\/09\/06\/deputado-rosemberg-defende-que-a-educacao-e-base-da-transformacao-social\/","title":{"rendered":"DEPUTADO ROSEMBERG DEFENDE QUE A EDUCA\u00c7\u00c3O \u00c9 BASE DA TRANSFORMA\u00c7\u00c3O SOCIAL"},"content":{"rendered":"<h3 style=\"text-align: justify\"><img loading=\"lazy\" decoding=\"async\" class=\"size-full wp-image-166408 aligncenter\" src=\"http:\/\/www.politicosdosuldabahia.com.br\/v1\/wp-content\/uploads\/2022\/09\/WhatsApp-Image-2022-09-06-at-17.09.20.jpeg\" alt=\"WhatsApp Image 2022-09-06 at 17.09.20\" width=\"455\" height=\"303\" srcset=\"https:\/\/www.politicosdosuldabahia.com.br\/v1\/wp-content\/uploads\/2022\/09\/WhatsApp-Image-2022-09-06-at-17.09.20.jpeg 455w, https:\/\/www.politicosdosuldabahia.com.br\/v1\/wp-content\/uploads\/2022\/09\/WhatsApp-Image-2022-09-06-at-17.09.20-300x200.jpeg 300w\" sizes=\"(max-width: 455px) 100vw, 455px\" \/><\/h3>\n<h3 style=\"text-align: justify\">Com a premissa de oportunizar discuss\u00f5es e apresentar alternativas para diferentes setores, o mandato do deputado estadual e candidato \u00e0 reelei\u00e7\u00e3o, Rosemberg Pinto (PT), realizou na noite de ontem (5) a segunda plen\u00e1ria. Com o tema \u201cEduca\u00e7\u00e3o &#8211; Base de Transforma\u00e7\u00e3o Social\u201d, a atividade reuniu educadores e profissionais da \u00e1rea, gestores p\u00fablicos, estudantes, artistas, pol\u00edticos e a sociedade em geral. Al\u00e9m dos debates, interven\u00e7\u00f5es culturais fizeram parte o evento.<\/h3>\n<h3 style=\"text-align: justify\">No centro do debate, o parlamentar e anfitri\u00e3o recebeu os secret\u00e1rios estaduais de Educa\u00e7\u00e3o, Danilo de Melo, e de Cultura, Arany Santana; al\u00e9m do professor e mestre em gest\u00e3o de pol\u00edticas p\u00fablicas, Carlos Abicalil, e do presidente do Conselho Estadual de Educa\u00e7\u00e3o da Bahia, professor e especialista em inclus\u00e3o e diversidade na Educa\u00e7\u00e3o, Paulo Gabriel.<\/h3>\n<h3 style=\"text-align: justify\">Motivados com a possibilidade da elei\u00e7\u00e3o de um professor para governador (Jer\u00f4nimo), os presentes interagiram durante toda a din\u00e2mica. Na pauta, a import\u00e2ncia de uma educa\u00e7\u00e3o integrada, inclusiva, sist\u00eamica, que abrace todos. \u201cNosso desafio \u00e9 oportunizar e entender que a Educa\u00e7\u00e3o \u00e9 a express\u00e3o da liberdade e que \u00e9 preciso uma adequa\u00e7\u00e3o constante. Nossa pol\u00edtica e programas precisam acompanhar esse dinamismo. Minha expectativa \u00e9 de que a gente possa fazer com que a nossa juventude entre na escola e receba o acolhimento necess\u00e1rio, garantindo o processo de aprendizagem\u201d, considera Rosemberg, fazendo uma analogia \u00e0 fun\u00e7\u00e3o dos porteiros na pr\u00e9-escola. \u201c\u00c9 essa receptividade que precisa perpetuar, vai fazer a diferen\u00e7a e transformar a sociedade\u201d, conclui.<\/h3>\n<h3 style=\"text-align: justify\">Enquanto o professor Paulo Gabriel citou Paulo Freire, para enaltecer o saber e falou do investimento do governo Lula nos institutos federais, Abicalil atraiu a aten\u00e7\u00e3o de todos ao falar das oportunidades e direitos como conquista; e da vitalidade e potencial da juventude, ao referenciar An\u00edsio Teixeira. Na centralidade do tema escolhido, ele definiu: \u201cBote f\u00e9 na Educa\u00e7\u00e3o representa o encantamento por um desejoso futuro. Colocar f\u00e9 significa ter conhecimento generoso, curiosidade para a gente que quer melhorar. Rodas como essa atualizam sobre balan\u00e7os, mas apontam desafios e solu\u00e7\u00f5es criativas, como a pol\u00edtica territorial implementada pelo Estado\u201d, argumentou. Ele ainda falou da amea\u00e7a \u00e0 extin\u00e7\u00e3o das pol\u00edticas de cotas no Brasil, que completa 10 anos.<\/h3>\n<h3 style=\"text-align: justify\">Para ele, o caminho \u00e9 a inclus\u00e3o. \u201cN\u00e3o basta reconstruir, que tamb\u00e9m \u00e9 diferente de restaurar, \u00e9 preciso reparar os campos, criar novos ambientes, garantir que a escola abrace todos, discuta racismo estrutural e pobreza menstrual\u201d, concluiu.<\/h3>\n<h3 style=\"text-align: justify\">Presente nos dois encontros, a secret\u00e1ria de Cultura da Bahia, Arany Santana, diz estar diante de um trabalho revolucion\u00e1rio do parlamentar. \u201cQuantos exemplos, pr\u00e1ticas. Rosemberg \u00e9 um educador potencial, diferenciado na sua generosidade. Ele \u00e9 o respons\u00e1vel por essa aproxima\u00e7\u00e3o entre a Educa\u00e7\u00e3o e a Cultura, por humanizar mais os alunos, torn\u00e1-los mais inclusos e libertos. \u00c9 preciso ter coragem para dividir esse mandato e empoderar pessoas\u201d, defende.<\/h3>\n<h3 style=\"text-align: justify\"><strong>Investimento<\/strong><\/h3>\n<h3 style=\"text-align: justify\">Vale ressaltar que o investimento em Educa\u00e7\u00e3o na Bahia, ao contr\u00e1rio do que os advers\u00e1rios pol\u00edticos insistem em dizer, poderia servir de refer\u00eancia para outros estados da federa\u00e7\u00e3o. \u00c9 o que defende o secret\u00e1rio de Educa\u00e7\u00e3o Danilo de Melo. \u201c\u00c9 preciso dialogar com o cora\u00e7\u00e3o e com os n\u00fameros. Das pol\u00edticas que a Bahia pode \u2018emprestar para o Brasil\u2019, destaco o Bolsa Presen\u00e7a que beneficia 410 mil jovens. O \u00fanico estado da federa\u00e7\u00e3o com um programa semelhante \u00e9 S\u00e3o Paulo, que atende a 200 mil jovens e investe R$200 milh\u00f5es, enquanto que a Bahia investe R$700 milh\u00f5es\u201d, comparou.<\/h3>\n<h3 style=\"text-align: justify\">Ainda segundo ele, o investimento \u00e9 uma demonstra\u00e7\u00e3o de que era preciso reconhecer uma estrat\u00e9gia para que os jovens permanecessem na escola e n\u00e3o abdicassem dela para trabalhar nas lavouras, garantindo a colheita e o ganho de todo o ano.<\/h3>\n<h3 style=\"text-align: justify\"><strong>Merenda escolar<\/strong><\/h3>\n<h3 style=\"text-align: justify\">Em rela\u00e7\u00e3o ao veto do presidente Bolsonaro ao reajuste da merenda escolar, o secret\u00e1rio falou do esfor\u00e7o para garantir a quantidade e qualidade da alimenta\u00e7\u00e3o, em tempo de escassez em casa. O Estado investiu R$234 milh\u00f5es, esse ano, contra R$66 milh\u00f5es do governo federal. \u201cOs n\u00fameros est\u00e3o no portal da transpar\u00eancia e mostram quem, de fato, tem o compromisso e pode transformar. Enquanto a Bahia destina R$ 2,50 e R$5, valor m\u00e1ximo para o ensino integral, o governo federal destina apenas R$ 0, 36 e R$1, 07, respectivamente\u201d, divulga, chamando ainda a aten\u00e7\u00e3o para o descaso da prefeitura da capital. \u201cO investimento da alimenta\u00e7\u00e3o escolar de Salvador, al\u00e9m de ser terceirizado, \u00e9 bem inferior ao or\u00e7amento descentralizado que \u00e9 feito pelo Estado nas escolas\u201d, avalia.<\/h3>\n<h3 style=\"text-align: justify\">Ele concluiu falando do legado de An\u00edsio Teixeira, na constru\u00e7\u00e3o de um sistema, com padr\u00f5es m\u00ednimos educacionais que ainda servem de refer\u00eancia para a atual gest\u00e3o. \u201cPrecisamos discutir, de maneira sist\u00eamica, essas pol\u00edticas de educa\u00e7\u00e3o. J\u00e1 encaminhamos para a Assembleia o Projeto de Lei do Sistema Estadual de Educa\u00e7\u00e3o. Pode n\u00e3o ser a melhor Lei, nem a definitiva, mas partiu das bases, comunidades e de todas as institui\u00e7\u00f5es\u201d, conclui.<\/h3>\n<h3 style=\"text-align: justify\">O evento<\/h3>\n<h3 style=\"text-align: justify\">A Plen\u00e1ria Bote F\u00e9 na Educa\u00e7\u00e3o discutiu ainda o movimento estudantil e a sua import\u00e2ncia na disputa por espa\u00e7os pol\u00edticos, por meio dos gr\u00eamios, e de aux\u00edlios e pol\u00edticas sociais; tratou do investimento em obras estruturantes, na constru\u00e7\u00e3o e de moderniza\u00e7\u00e3o de escolas, na capital e interior do estado; da import\u00e2ncia dos n\u00facleos territoriais de Educa\u00e7\u00e3o, em trazer a identidade e especificidade para discutir a educa\u00e7\u00e3o plural, que emancipa; do Regime de Colabora\u00e7\u00e3o e da necessidade da recomposi\u00e7\u00e3o da Secretaria de Articula\u00e7\u00e3o com os Sistemas de Ensino (Sase\/MEC).<\/h3>\n<h3 style=\"text-align: justify\">Ao final de seu discurso, o deputado Rosemberg agradeceu as presen\u00e7as dos estudantes, dos diretores dos N\u00facleos Territoriais de Educa\u00e7\u00e3o (NTE), Leninha Vila Nova (05 &#8211; Itabuna\/Ilh\u00e9us) e Al\u00e9cio Chaves (08 &#8211; Itapetinga); dos pedagogos Professor Emerson (prefeito de Santa In\u00eas) e Josefina Castro (ex-prefeita de Coaraci); do presidente da C\u00e2mara de Patrim\u00f4nio do Conselho Estadual de Cultura, Tata Ricardo; al\u00e9m dos postulantes petistas \u00e0 C\u00e2mara dos Deputados: Elis\u00e2ngela Ara\u00fajo, Marta Rodrigues, Tau\u00e3 e Xand\u00f3.<\/h3>\n","protected":false},"excerpt":{"rendered":"<p>Com a premissa de oportunizar discuss\u00f5es e apresentar alternativas para diferentes setores, o mandato do deputado estadual e candidato \u00e0 reelei\u00e7\u00e3o, Rosemberg Pinto (PT), realizou na noite de ontem (5) a segunda plen\u00e1ria. Com o tema \u201cEduca\u00e7\u00e3o &#8211; Base de Transforma\u00e7\u00e3o Social\u201d, a atividade reuniu educadores e profissionais da \u00e1rea, gestores p\u00fablicos, estudantes, artistas, pol\u00edticos [&hellip;]<\/p>\n","protected":false},"author":992,"featured_media":166408,"comment_status":"open","ping_status":"open","sticky":false,"template":"","format":"standard","meta":{"footnotes":"","_links_to":"","_links_to_target":""},"categories":[14],"tags":[],"class_list":["post-166407","post","type-post","status-publish","format-standard","has-post-thumbnail","hentry","category-bahia-geral"],"views":590,"_links":{"self":[{"href":"https:\/\/www.politicosdosuldabahia.com.br\/v1\/wp-json\/wp\/v2\/posts\/166407"}],"collection":[{"href":"https:\/\/www.politicosdosuldabahia.com.br\/v1\/wp-json\/wp\/v2\/posts"}],"about":[{"href":"https:\/\/www.politicosdosuldabahia.com.br\/v1\/wp-json\/wp\/v2\/types\/post"}],"author":[{"embeddable":true,"href":"https:\/\/www.politicosdosuldabahia.com.br\/v1\/wp-json\/wp\/v2\/users\/992"}],"replies":[{"embeddable":true,"href":"https:\/\/www.politicosdosuldabahia.com.br\/v1\/wp-json\/wp\/v2\/comments?post=166407"}],"version-history":[{"count":1,"href":"https:\/\/www.politicosdosuldabahia.com.br\/v1\/wp-json\/wp\/v2\/posts\/166407\/revisions"}],"predecessor-version":[{"id":166409,"href":"https:\/\/www.politicosdosuldabahia.com.br\/v1\/wp-json\/wp\/v2\/posts\/166407\/revisions\/166409"}],"wp:featuredmedia":[{"embeddable":true,"href":"https:\/\/www.politicosdosuldabahia.com.br\/v1\/wp-json\/wp\/v2\/media\/166408"}],"wp:attachment":[{"href":"https:\/\/www.politicosdosuldabahia.com.br\/v1\/wp-json\/wp\/v2\/media?parent=166407"}],"wp:term":[{"taxonomy":"category","embeddable":true,"href":"https:\/\/www.politicosdosuldabahia.com.br\/v1\/wp-json\/wp\/v2\/categories?post=166407"},{"taxonomy":"post_tag","embeddable":true,"href":"https:\/\/www.politicosdosuldabahia.com.br\/v1\/wp-json\/wp\/v2\/tags?post=166407"}],"curies":[{"name":"wp","href":"https:\/\/api.w.org\/{rel}","templated":true}]}}