
{"id":166360,"date":"2022-09-05T18:47:28","date_gmt":"2022-09-05T21:47:28","guid":{"rendered":"http:\/\/www.politicosdosuldabahia.com.br\/v1\/?p=166360"},"modified":"2022-09-05T18:47:28","modified_gmt":"2022-09-05T21:47:28","slug":"gandu-multidao-participa-de-comicio-de-jeronimo-rodrigues-pt","status":"publish","type":"post","link":"https:\/\/www.politicosdosuldabahia.com.br\/v1\/2022\/09\/05\/gandu-multidao-participa-de-comicio-de-jeronimo-rodrigues-pt\/","title":{"rendered":"GANDU: MULTID\u00c3O PARTICIPA DE COM\u00cdCIO DE JER\u00d4NIMO RODRIGUES (PT)"},"content":{"rendered":"<h3 style=\"text-align: justify\"><img loading=\"lazy\" decoding=\"async\" class=\"wp-image-166361 aligncenter\" src=\"http:\/\/www.politicosdosuldabahia.com.br\/v1\/wp-content\/uploads\/2022\/09\/WhatsApp-Image-2022-09-05-at-16.37.20-2.jpeg\" alt=\"WhatsApp Image 2022-09-05 at 16.37.20 (2)\" width=\"455\" height=\"303\" srcset=\"https:\/\/www.politicosdosuldabahia.com.br\/v1\/wp-content\/uploads\/2022\/09\/WhatsApp-Image-2022-09-05-at-16.37.20-2.jpeg 1280w, https:\/\/www.politicosdosuldabahia.com.br\/v1\/wp-content\/uploads\/2022\/09\/WhatsApp-Image-2022-09-05-at-16.37.20-2-300x200.jpeg 300w, https:\/\/www.politicosdosuldabahia.com.br\/v1\/wp-content\/uploads\/2022\/09\/WhatsApp-Image-2022-09-05-at-16.37.20-2-768x512.jpeg 768w, https:\/\/www.politicosdosuldabahia.com.br\/v1\/wp-content\/uploads\/2022\/09\/WhatsApp-Image-2022-09-05-at-16.37.20-2-1024x682.jpeg 1024w\" sizes=\"(max-width: 455px) 100vw, 455px\" \/><\/h3>\n<h3 style=\"text-align: justify\">Uma grande festa liderada pelo prefeito de Gandu, L\u00e9o de Neco, marcou o com\u00edcio do candidato Jer\u00f4nimo Rodrigues (PT), apoiado por ele e seu grupo pol\u00edtico no munic\u00edpio. Cerca de 10 mil pessoas participaram do evento e impressionou o governador, Rui Costa, presente no encontro. Os apoiadores esperaram a comitiva na sa\u00edda da cidade sentido Ipia\u00fa e a multid\u00e3o seguiu em passeata pelas ruas at\u00e9 a Pra\u00e7a Sim\u00f5es Filho, local do evento.<\/h3>\n<h3 style=\"text-align: justify\">Durante o discurso, visivelmente emocionado, o prefeito L\u00e9o de Neco agradeceu a presen\u00e7a dos apoiadores. \u201cQuero agradecer a presen\u00e7a dos apoiadores, para recepcionar o maior governador do Brasil, Rui Costa e dar a maior demonstra\u00e7\u00e3o de for\u00e7a pol\u00edtica da regi\u00e3o recebendo o pr\u00f3ximo governador da Bahia, Jer\u00f4nimo Rodrigues. A gente fica feliz em ver que a Bahia est\u00e1 abra\u00e7ando esse projeto pavimentado por Rui Costa. E eu tenho dito governador, essa elei\u00e7\u00e3o \u00e9 a elei\u00e7\u00e3o da demonstra\u00e7\u00e3o de gratid\u00e3o, gratid\u00e3o a quem tem trabalhado pela Bahia, por Gandu e pelo baixo-sul. A resposta do trabalho est\u00e1 aqui na Pra\u00e7a Sim\u00f5es Filho, no Lago Azul de Gandu. O ganduense tem na sua veia e no cora\u00e7\u00e3o o sentimento mais nobre da humanidade que \u00e9 a gratid\u00e3o. Dia 2 de outubro est\u00e1 chegando e que essa for\u00e7a seja depositada nas urnas\u201d, disse.<\/h3>\n<h3 style=\"text-align: justify\">Em seguida, L\u00e9o tamb\u00e9m agradeceu ao governador Rui Costa o apoio e investimentos recebidos no munic\u00edpio. \u201cEu quero agradecer governador como ganduense, pelos investimentos, pelas obras e por tudo que tem feito por Gandu e pela Bahia. E eu deposito minha confian\u00e7a em voc\u00ea, governador, eu profetizo Jer\u00f4nimo Rodrigues\u201d, enfatizou.<\/h3>\n<p><img loading=\"lazy\" decoding=\"async\" class=\"size-full wp-image-166362 aligncenter\" src=\"http:\/\/www.politicosdosuldabahia.com.br\/v1\/wp-content\/uploads\/2022\/09\/WhatsApp-Image-2022-09-05-at-16.37.20.jpeg\" alt=\"WhatsApp Image 2022-09-05 at 16.37.20\" width=\"455\" height=\"303\" srcset=\"https:\/\/www.politicosdosuldabahia.com.br\/v1\/wp-content\/uploads\/2022\/09\/WhatsApp-Image-2022-09-05-at-16.37.20.jpeg 455w, https:\/\/www.politicosdosuldabahia.com.br\/v1\/wp-content\/uploads\/2022\/09\/WhatsApp-Image-2022-09-05-at-16.37.20-300x200.jpeg 300w\" sizes=\"(max-width: 455px) 100vw, 455px\" \/><\/p>\n<h3 style=\"text-align: justify\">No seu pronunciamento, o governador Rui Costa comparou o com\u00edcio de Jer\u00f4nimo ao de seu advers\u00e1rio ACM Neto (Uni\u00e3o Brasil), realizado no mesmo local h\u00e1 quase oito dias. \u201cEu vi que o advers\u00e1rio j\u00e1 come\u00e7ou a tremer aquelas perninhas dele e come\u00e7ou a bater em voc\u00ea na televis\u00e3o e sabe o que \u00e9 isso? \u00c9 desespero porque come\u00e7ou a despencar nas pesquisas. Um dia desses o candidato advers\u00e1rio esteve aqui, neste mesmo lugar e n\u00e3o tinha quase ningu\u00e9m na rua, eu vi as fotos, os v\u00eddeos\u201d, disse Costa.<\/h3>\n<h3 style=\"text-align: justify\">J\u00e1 o candidato apoiado por Lula na Bahia, Jer\u00f4nimo Rodrigues, assegurou que vai manter a rotina de ouvir e dialogar democraticamente as demandas de todos os 417 munic\u00edpios. \u201cEu quero ouvir todos os prefeitos, todos os deputados, para que a gente siga construindo constantemente a nossa agenda\u201d, destacou.<\/h3>\n<h3 style=\"text-align: justify\">Sobre Gandu, Jer\u00f4nimo garantiu que se for eleito vai dar continuidade ao trabalho do governador, Rui Costa e investir mais ainda no munic\u00edpio. \u201cAqui, por exemplo, vamos investir no hospital de Gandu, para ampliar o atendimento na regi\u00e3o e, vamos conversar com as universidades estaduais e federais, para trazer op\u00e7\u00f5es de estudo mais perto da regi\u00e3o, que s\u00e3o duas demandas locais\u201d, finalizou.<\/h3>\n","protected":false},"excerpt":{"rendered":"<p>Uma grande festa liderada pelo prefeito de Gandu, L\u00e9o de Neco, marcou o com\u00edcio do candidato Jer\u00f4nimo Rodrigues (PT), apoiado por ele e seu grupo pol\u00edtico no munic\u00edpio. Cerca de 10 mil pessoas participaram do evento e impressionou o governador, Rui Costa, presente no encontro. Os apoiadores esperaram a comitiva na sa\u00edda da cidade sentido [&hellip;]<\/p>\n","protected":false},"author":992,"featured_media":166361,"comment_status":"open","ping_status":"open","sticky":false,"template":"","format":"standard","meta":{"footnotes":"","_links_to":"","_links_to_target":""},"categories":[14,4],"tags":[],"class_list":["post-166360","post","type-post","status-publish","format-standard","has-post-thumbnail","hentry","category-bahia-geral","category-politica"],"views":795,"_links":{"self":[{"href":"https:\/\/www.politicosdosuldabahia.com.br\/v1\/wp-json\/wp\/v2\/posts\/166360"}],"collection":[{"href":"https:\/\/www.politicosdosuldabahia.com.br\/v1\/wp-json\/wp\/v2\/posts"}],"about":[{"href":"https:\/\/www.politicosdosuldabahia.com.br\/v1\/wp-json\/wp\/v2\/types\/post"}],"author":[{"embeddable":true,"href":"https:\/\/www.politicosdosuldabahia.com.br\/v1\/wp-json\/wp\/v2\/users\/992"}],"replies":[{"embeddable":true,"href":"https:\/\/www.politicosdosuldabahia.com.br\/v1\/wp-json\/wp\/v2\/comments?post=166360"}],"version-history":[{"count":1,"href":"https:\/\/www.politicosdosuldabahia.com.br\/v1\/wp-json\/wp\/v2\/posts\/166360\/revisions"}],"predecessor-version":[{"id":166363,"href":"https:\/\/www.politicosdosuldabahia.com.br\/v1\/wp-json\/wp\/v2\/posts\/166360\/revisions\/166363"}],"wp:featuredmedia":[{"embeddable":true,"href":"https:\/\/www.politicosdosuldabahia.com.br\/v1\/wp-json\/wp\/v2\/media\/166361"}],"wp:attachment":[{"href":"https:\/\/www.politicosdosuldabahia.com.br\/v1\/wp-json\/wp\/v2\/media?parent=166360"}],"wp:term":[{"taxonomy":"category","embeddable":true,"href":"https:\/\/www.politicosdosuldabahia.com.br\/v1\/wp-json\/wp\/v2\/categories?post=166360"},{"taxonomy":"post_tag","embeddable":true,"href":"https:\/\/www.politicosdosuldabahia.com.br\/v1\/wp-json\/wp\/v2\/tags?post=166360"}],"curies":[{"name":"wp","href":"https:\/\/api.w.org\/{rel}","templated":true}]}}