
{"id":166355,"date":"2022-09-05T18:34:18","date_gmt":"2022-09-05T21:34:18","guid":{"rendered":"http:\/\/www.politicosdosuldabahia.com.br\/v1\/?p=166355"},"modified":"2022-09-05T18:42:26","modified_gmt":"2022-09-05T21:42:26","slug":"sandro-regis-repudia-ataques-pessoais-e-familiares-de-rui-costa-contra-acm-neto-politica-baixa-sem-espirito-republicano","status":"publish","type":"post","link":"https:\/\/www.politicosdosuldabahia.com.br\/v1\/2022\/09\/05\/sandro-regis-repudia-ataques-pessoais-e-familiares-de-rui-costa-contra-acm-neto-politica-baixa-sem-espirito-republicano\/","title":{"rendered":"SANDRO R\u00c9GIS REPUDIA ATAQUES PESSOAIS E FAMILIARES DE RUI COSTA CONTRA ACM NETO: \u201cPOL\u00cdTICA BAIXA, SEM ESP\u00cdRITO REPUBLICANO\u201d"},"content":{"rendered":"<h3 style=\"text-align: justify\"><img loading=\"lazy\" decoding=\"async\" class=\"wp-image-166356 aligncenter\" src=\"http:\/\/www.politicosdosuldabahia.com.br\/v1\/wp-content\/uploads\/2022\/09\/WhatsApp-Image-2022-09-05-at-16.33.33.jpeg\" alt=\"WhatsApp Image 2022-09-05 at 16.33.33\" width=\"455\" height=\"303\" srcset=\"https:\/\/www.politicosdosuldabahia.com.br\/v1\/wp-content\/uploads\/2022\/09\/WhatsApp-Image-2022-09-05-at-16.33.33.jpeg 1024w, https:\/\/www.politicosdosuldabahia.com.br\/v1\/wp-content\/uploads\/2022\/09\/WhatsApp-Image-2022-09-05-at-16.33.33-300x200.jpeg 300w, https:\/\/www.politicosdosuldabahia.com.br\/v1\/wp-content\/uploads\/2022\/09\/WhatsApp-Image-2022-09-05-at-16.33.33-768x512.jpeg 768w\" sizes=\"(max-width: 455px) 100vw, 455px\" \/><br \/>\nO deputado Sandro R\u00e9gis (Uni\u00e3o Brasil), l\u00edder da Oposi\u00e7\u00e3o na Assembleia Legislativa da Bahia (AL-BA), chamou de \u201cpol\u00edtica rasteira\u201d os ataques de ordem pessoal e familiar que o governador Rui Costa (PT) fez nesta segunda-feira (5) contra o candidato a governador ACM Neto (Uni\u00e3o Brasil).<\/h3>\n<h3 style=\"text-align: justify\">\u201c\u00c9 lament\u00e1vel que o governador adote uma postura t\u00e3o rasteira e pratique uma pol\u00edtica t\u00e3o baixa e desrespeitosa, inclusive partindo para ataques pessoais. Isso tudo \u00e9 desespero de quem v\u00ea se aproximar uma derrota nas urnas. Mais uma vez, faz agress\u00f5es baixas aos advers\u00e1rios pol\u00edticos, sem respeito ao jogo democr\u00e1tico e sem esp\u00edrito republicano\u201d, disse Sandro.<\/h3>\n<h3 style=\"text-align: justify\">Segundo o parlamentar, as declara\u00e7\u00f5es do governador fogem \u00e0 civilidade pol\u00edtica e destoam do comportamento institucional que se espera do chefe do Executivo. Visivelmente irritado, Rui Costa fez acusa\u00e7\u00f5es sem nenhum lastro na verdade dos fatos.<\/h3>\n<h3 style=\"text-align: justify\">\u201cO governador deveria utilizar esse vigor que ele demonstra ao atacar os advers\u00e1rios para combater o crime organizado, para prender a bandidagem. Se assim o fizesse, a Bahia n\u00e3o era hoje o estado com maior n\u00famero de homic\u00eddios no pa\u00eds\u201d, pontuou o l\u00edder da Oposi\u00e7\u00e3o.<\/h3>\n<h3 style=\"text-align: justify\">\u201cEle sabe tamb\u00e9m que o candidato dele j\u00e1 mostrou que n\u00e3o tem condi\u00e7\u00e3o nenhuma de governar a Bahia, afinal de contas foi secret\u00e1rio da Educa\u00e7\u00e3o e deixou nosso estado no \u00faltimo lugar no pa\u00eds. Por aqui, n\u00f3s seguiremos fazendo o bom debate pol\u00edtico, sem agressividade, sem jogo sujo, fazendo uma campanha propositiva e limpa, focando em trazer solu\u00e7\u00f5es para melhorar a vida dos baianos\u201d, emendou Sandro R\u00e9gis.<\/h3>\n","protected":false},"excerpt":{"rendered":"<p>O deputado Sandro R\u00e9gis (Uni\u00e3o Brasil), l\u00edder da Oposi\u00e7\u00e3o na Assembleia Legislativa da Bahia (AL-BA), chamou de \u201cpol\u00edtica rasteira\u201d os ataques de ordem pessoal e familiar que o governador Rui Costa (PT) fez nesta segunda-feira (5) contra o candidato a governador ACM Neto (Uni\u00e3o Brasil). \u201c\u00c9 lament\u00e1vel que o governador adote uma postura t\u00e3o rasteira [&hellip;]<\/p>\n","protected":false},"author":992,"featured_media":166356,"comment_status":"open","ping_status":"open","sticky":false,"template":"","format":"standard","meta":{"footnotes":"","_links_to":"","_links_to_target":""},"categories":[14,4],"tags":[],"class_list":["post-166355","post","type-post","status-publish","format-standard","has-post-thumbnail","hentry","category-bahia-geral","category-politica"],"views":547,"_links":{"self":[{"href":"https:\/\/www.politicosdosuldabahia.com.br\/v1\/wp-json\/wp\/v2\/posts\/166355"}],"collection":[{"href":"https:\/\/www.politicosdosuldabahia.com.br\/v1\/wp-json\/wp\/v2\/posts"}],"about":[{"href":"https:\/\/www.politicosdosuldabahia.com.br\/v1\/wp-json\/wp\/v2\/types\/post"}],"author":[{"embeddable":true,"href":"https:\/\/www.politicosdosuldabahia.com.br\/v1\/wp-json\/wp\/v2\/users\/992"}],"replies":[{"embeddable":true,"href":"https:\/\/www.politicosdosuldabahia.com.br\/v1\/wp-json\/wp\/v2\/comments?post=166355"}],"version-history":[{"count":2,"href":"https:\/\/www.politicosdosuldabahia.com.br\/v1\/wp-json\/wp\/v2\/posts\/166355\/revisions"}],"predecessor-version":[{"id":166359,"href":"https:\/\/www.politicosdosuldabahia.com.br\/v1\/wp-json\/wp\/v2\/posts\/166355\/revisions\/166359"}],"wp:featuredmedia":[{"embeddable":true,"href":"https:\/\/www.politicosdosuldabahia.com.br\/v1\/wp-json\/wp\/v2\/media\/166356"}],"wp:attachment":[{"href":"https:\/\/www.politicosdosuldabahia.com.br\/v1\/wp-json\/wp\/v2\/media?parent=166355"}],"wp:term":[{"taxonomy":"category","embeddable":true,"href":"https:\/\/www.politicosdosuldabahia.com.br\/v1\/wp-json\/wp\/v2\/categories?post=166355"},{"taxonomy":"post_tag","embeddable":true,"href":"https:\/\/www.politicosdosuldabahia.com.br\/v1\/wp-json\/wp\/v2\/tags?post=166355"}],"curies":[{"name":"wp","href":"https:\/\/api.w.org\/{rel}","templated":true}]}}