
{"id":166326,"date":"2022-09-05T09:19:43","date_gmt":"2022-09-05T12:19:43","guid":{"rendered":"http:\/\/www.politicosdosuldabahia.com.br\/v1\/?p=166326"},"modified":"2022-09-05T09:19:44","modified_gmt":"2022-09-05T12:19:44","slug":"itapetinga-defesa-civil-interdita-rodoviaria-apos-incendio","status":"publish","type":"post","link":"https:\/\/www.politicosdosuldabahia.com.br\/v1\/2022\/09\/05\/itapetinga-defesa-civil-interdita-rodoviaria-apos-incendio\/","title":{"rendered":"ITAPETINGA: DEFESA CIVIL INTERDITA RODOVI\u00c1RIA AP\u00d3S INC\u00caNDIO"},"content":{"rendered":"<p><a href=\"http:\/\/www.politicosdosuldabahia.com.br\/v1\/2022\/09\/05\/itapetinga-defesa-civil-interdita-rodoviaria-apos-incendio\/whatsapp-image-2022-09-04-at-15-02-45-990x935\/\" rel=\"attachment wp-att-166327\"><img loading=\"lazy\" decoding=\"async\" class=\"aligncenter size-full wp-image-166327\" src=\"http:\/\/www.politicosdosuldabahia.com.br\/v1\/wp-content\/uploads\/2022\/09\/WhatsApp-Image-2022-09-04-at-15.02.45-990x935-e1662380327522.jpeg\" alt=\"WhatsApp-Image-2022-09-04-at-15.02.45-990x935\" width=\"500\" height=\"472\" \/><\/a><\/p>\n<h3 style=\"text-align: justify;\">Neste domingo, por volta de meio dia e meia, um inc\u00eandio atingiu a rodovi\u00e1ria de Itapetinga. Iniciado na parte traseira de um \u00f4nibus da Novo Horizonte, na \u00e1rea de embarque e desembarque, o inc\u00eandio atingiu a cobertura do terminal e parte da sua estrutura.<\/h3>\n<h3 style=\"text-align: justify;\">Ao tomar conhecimento do acidente, a prefeitura, atrav\u00e9s da Defesa Civil, acionou um carro pipa e, com o aux\u00edlio da brigada de inc\u00eandio da Vulcabr\u00e1s\/Azaleia, debelou o fogo. Por precau\u00e7\u00e3o, a rodovi\u00e1ria foi interditada at\u00e9 que um engenheiro do munic\u00edpio possa realizar uma avalia\u00e7\u00e3o t\u00e9cnica de toda a estrutura atingida.<\/h3>\n<h3 style=\"text-align: justify;\">\u201cNossa preocupa\u00e7\u00e3o inicial foi conter o fogo o mais r\u00e1pido poss\u00edvel para evitar danos maiores e poss\u00edveis v\u00edtimas. Agora, a gente precisa estudar as consequ\u00eancias que ficaram. Como as chamas atingiram parte da estrutura, \u00e9 preciso que avaliemos as condi\u00e7\u00f5es das ferragens, os poss\u00edveis riscos de desabamentos e iniciarmos um trabalho de recupera\u00e7\u00e3o da \u00e1rea atingida. Por isso, interditamos todo o terminal rodovi\u00e1rio at\u00e9 que possamos garantir a seguran\u00e7a de trabalhadores e viajantes\u201d, explicou Claudio Sousa, coordenador da Defesa Civil de Itapetinga.<\/h3>\n","protected":false},"excerpt":{"rendered":"<p>Neste domingo, por volta de meio dia e meia, um inc\u00eandio atingiu a rodovi\u00e1ria de Itapetinga. Iniciado na parte traseira de um \u00f4nibus da Novo Horizonte, na \u00e1rea de embarque e desembarque, o inc\u00eandio atingiu a cobertura do terminal e parte da sua estrutura. Ao tomar conhecimento do acidente, a prefeitura, atrav\u00e9s da Defesa Civil, [&hellip;]<\/p>\n","protected":false},"author":2,"featured_media":166327,"comment_status":"open","ping_status":"open","sticky":false,"template":"","format":"standard","meta":{"footnotes":"","_links_to":"","_links_to_target":""},"categories":[25],"tags":[],"class_list":["post-166326","post","type-post","status-publish","format-standard","has-post-thumbnail","hentry","category-destaque3"],"views":486,"_links":{"self":[{"href":"https:\/\/www.politicosdosuldabahia.com.br\/v1\/wp-json\/wp\/v2\/posts\/166326"}],"collection":[{"href":"https:\/\/www.politicosdosuldabahia.com.br\/v1\/wp-json\/wp\/v2\/posts"}],"about":[{"href":"https:\/\/www.politicosdosuldabahia.com.br\/v1\/wp-json\/wp\/v2\/types\/post"}],"author":[{"embeddable":true,"href":"https:\/\/www.politicosdosuldabahia.com.br\/v1\/wp-json\/wp\/v2\/users\/2"}],"replies":[{"embeddable":true,"href":"https:\/\/www.politicosdosuldabahia.com.br\/v1\/wp-json\/wp\/v2\/comments?post=166326"}],"version-history":[{"count":2,"href":"https:\/\/www.politicosdosuldabahia.com.br\/v1\/wp-json\/wp\/v2\/posts\/166326\/revisions"}],"predecessor-version":[{"id":166329,"href":"https:\/\/www.politicosdosuldabahia.com.br\/v1\/wp-json\/wp\/v2\/posts\/166326\/revisions\/166329"}],"wp:featuredmedia":[{"embeddable":true,"href":"https:\/\/www.politicosdosuldabahia.com.br\/v1\/wp-json\/wp\/v2\/media\/166327"}],"wp:attachment":[{"href":"https:\/\/www.politicosdosuldabahia.com.br\/v1\/wp-json\/wp\/v2\/media?parent=166326"}],"wp:term":[{"taxonomy":"category","embeddable":true,"href":"https:\/\/www.politicosdosuldabahia.com.br\/v1\/wp-json\/wp\/v2\/categories?post=166326"},{"taxonomy":"post_tag","embeddable":true,"href":"https:\/\/www.politicosdosuldabahia.com.br\/v1\/wp-json\/wp\/v2\/tags?post=166326"}],"curies":[{"name":"wp","href":"https:\/\/api.w.org\/{rel}","templated":true}]}}