
{"id":166174,"date":"2022-08-30T11:56:55","date_gmt":"2022-08-30T14:56:55","guid":{"rendered":"http:\/\/www.politicosdosuldabahia.com.br\/v1\/?p=166174"},"modified":"2022-08-30T12:07:25","modified_gmt":"2022-08-30T15:07:25","slug":"nao-sou-candidato-por-interesses-financeiros-garante-jeronimo-rodrigues166174","status":"publish","type":"post","link":"https:\/\/www.politicosdosuldabahia.com.br\/v1\/2022\/08\/30\/nao-sou-candidato-por-interesses-financeiros-garante-jeronimo-rodrigues166174\/","title":{"rendered":"&#8220;N\u00c3O SOU CANDIDATO POR INTERESSES PRIVADOS E FINANCEIROS&#8221;,  GARANTE JER\u00d4NIMO RODRIGUES"},"content":{"rendered":"<h4 style=\"text-align: center\"><img loading=\"lazy\" decoding=\"async\" class=\"alignnone wp-image-166175\" src=\"http:\/\/www.politicosdosuldabahia.com.br\/v1\/wp-content\/uploads\/2022\/08\/WhatsApp-Image-2022-08-30-at-10.50.57.jpeg\" alt=\"WhatsApp Image 2022-08-30 at 10.50.57\" width=\"455\" height=\"303\" srcset=\"https:\/\/www.politicosdosuldabahia.com.br\/v1\/wp-content\/uploads\/2022\/08\/WhatsApp-Image-2022-08-30-at-10.50.57.jpeg 1280w, https:\/\/www.politicosdosuldabahia.com.br\/v1\/wp-content\/uploads\/2022\/08\/WhatsApp-Image-2022-08-30-at-10.50.57-300x200.jpeg 300w, https:\/\/www.politicosdosuldabahia.com.br\/v1\/wp-content\/uploads\/2022\/08\/WhatsApp-Image-2022-08-30-at-10.50.57-768x512.jpeg 768w, https:\/\/www.politicosdosuldabahia.com.br\/v1\/wp-content\/uploads\/2022\/08\/WhatsApp-Image-2022-08-30-at-10.50.57-1024x682.jpeg 1024w\" sizes=\"(max-width: 455px) 100vw, 455px\" \/><\/h4>\n<h4 style=\"text-align: center\"><em><strong>Candidato destacou a import\u00e2ncia do Time de Lula para sua atua\u00e7\u00e3o<\/strong><\/em><\/h4>\n<h3>O candidato a governador da Bahia Jer\u00f4nimo Rodrigues (PT) garantiu, nesta ter\u00e7a-feira (29), que sua campanha n\u00e3o \u00e9 movida por interesses privados e financeiros. Em entrevista \u00e0 r\u00e1dio Serra Dourada FM, de Ipir\u00e1, o candidato do Time de Lula destacou que seu projeto \u00e9 um projeto de grupo, um projeto que gosta de cuidar de gente e n\u00e3o \u00e9 movido por interesses financeiros.<\/h3>\n<h3 style=\"text-align: justify\">&#8220;N\u00e3o sou candidato por interesses privados e financeiros. Eu n\u00e3o quero ser governador para enriquecer e aumentar meu patrim\u00f4nio. Eu sou o candidato de um grupo, eu sou o candidato de Lula na Bahia. Nosso time \u00e9 o time que gosta de cuidar de gente, \u00e9 assim que n\u00f3s trabalhamos e vamos continuar. Farei ainda mais do que Wagner e Rui pela Bahia&#8221;, afirmou Jer\u00f4nimo.<\/h3>\n<h3 style=\"text-align: justify\">&#8220;O ex-prefeito tem dito que estou assumido das propagandas, o que ele n\u00e3o entende \u00e9 que a pol\u00edtica deve ser centrada no povo e n\u00e3o no interesse privado. O povo precisa saber o que ser\u00e1 feito, precisa que o candidato v\u00e1 para o debate e apresente suas propostas. Eu serei o governador da inclus\u00e3o, do respeito e do di\u00e1logo&#8221;, complementou.<\/h3>\n<h3 style=\"text-align: justify\">O petista reconheceu que existem \u00e1reas que ainda precisam nos governos petistas como a \u00e1rea de seguran\u00e7a p\u00fablica, a regula\u00e7\u00e3o da fila e os ind\u00edces de educa\u00e7\u00e3o. Jer\u00f4nimo destacou que ir\u00e1 atuar em parceria com o presidente Lula (PT) e com os prefeitos da Bahia para garantir o avan\u00e7o nas \u00e1reas que precisam.<\/h3>\n<h3 style=\"text-align: justify\">Sa\u00fade<\/h3>\n<h3 style=\"text-align: justify\">&#8220;Eu irei fortalecer o sistema de Sa\u00fade da Bahia. Eu me comprometo a zerar a fila da regula\u00e7\u00e3o, este \u00e9 um compromisso meu. Faremos isso fortalecendo o sistema que j\u00e1 existe e construindo novos hospitais. N\u00f3s faremos sete novos hospitais regionais, seis novas maternidades, cinco novas policl\u00ednicas e dois novos servi\u00e7os de oncologia &#8220;, garantiu o candidato.<\/h3>\n<h3 style=\"text-align: justify\">Jer\u00f4nimo destacou que ir\u00e1 atuar para aproximar a sa\u00fade da popula\u00e7\u00e3o baiana. O petista lembrou ainda que o acesso \u00e0 sa\u00fade na Bahia n\u00e3o funciona mais por meio de indica\u00e7\u00e3o e favorecimento de conhecidos, como costumava ser.<\/h3>\n<h3 style=\"text-align: justify\">Seguran\u00e7a P\u00fablica<\/h3>\n<h3 style=\"text-align: justify\">O candidato do Time de Lula enfatizou que ir\u00e1 atuar com firmeza e intelig\u00eancia na \u00e1rea da seguran\u00e7a p\u00fablica. &#8220;Irei atuar de forma firme contra o crime na Bahia. Iremos intensificar os investimentos em intelig\u00eancia, em equipe e equipamentos para garantir que tenhamos a condi\u00e7\u00e3o de n\u00e3o s\u00f3 combater o crime quando ele ocorre, mas de previnir&#8221;, declarou o postulante ao Pal\u00e1cio de Ondina.<\/h3>\n<h3 style=\"text-align: justify\">O petista lembrou ainda que a Bahia, nos \u00faltimos anos, realizou o maior investimento da hist\u00f3ria na seguran\u00e7a p\u00fablica, com avan\u00e7os significativos no setor. Ao criticar o a libera\u00e7\u00e3o e incentivo da compra de armas para a popula\u00e7\u00e3o pelo atual presidente da rep\u00fablica, Jair Bolsonaro (PL), Jer\u00f4nimo informou que vem mantendo conversas com Lula para o enfrentamento \u00e0 viol\u00eancia a partir de 2023 com a implementa\u00e7\u00e3o de um plano nacional para \u00e1rea.<\/h3>\n<h3 style=\"text-align: justify\">\u201cImplantamos o Centro de Opera\u00e7\u00f5es e Intelig\u00eancia 2 de Julho, o maior da Am\u00e9rica do Sul, que integra 32 distritos e 23 Centros de Comunica\u00e7\u00e3o espalhados por toda a Bahia. Novas unidades policiais foram implantadas, contratamos mais de dez mil servidores nos \u00faltimos oito anos e valorizamos os profissionais da Seguran\u00e7a P\u00fablica com mais recursos e equipamentos\u201d, lembrou o candidato ao citar que manter\u00e1 esse modelo de investimento e refor\u00e7ar que manter\u00e1 di\u00e1logo com o setor.<\/h3>\n<h3 style=\"text-align: justify\">Educa\u00e7\u00e3o<\/h3>\n<h3 style=\"text-align: justify\">&#8220;No meu governo n\u00f3s iremos fortalecer e avan\u00e7ar na oferta da educa\u00e7\u00e3o em tempo integral e profissionalizante. Iremos ampliar os programas Partiu Est\u00e1gio e Primeiro Emprego para inserirmos o jovem no mercado de trabalho, garantindo essa experi\u00eancia necess\u00e1ria para o futuro&#8221;, afirmou Jer\u00f4nimo.<\/h3>\n<h3 style=\"text-align: justify\">O petista destacou ainda que ir\u00e1 atuar em parceria com os munic\u00edpios para fortalecer a base da educa\u00e7\u00e3o na Bahia. &#8220;Vamos melhorar toda cadeia estrat\u00e9gica da Educa\u00e7\u00e3o desde as creches. Manteremos nossos investimentos em infraestrutura e vamos atuar na valoriza\u00e7\u00e3o dos profissionais&#8221;, complementou.<\/h3>\n<h3 style=\"text-align: justify\">Conhe\u00e7a mais sobre Jer\u00f4nimo (PT) e suas propostas para toda Bahia<\/h3>\n<h3 style=\"text-align: justify\">No site oficial do candidato de Lula na Bahia (https:\/\/jeronimogovernador13.com\/) voc\u00ea encontra informa\u00e7\u00f5es sobre a hist\u00f3ria de Jer\u00f4nimo, a agenda oficial, o plano de governo e tem acesso a fotos, v\u00eddeos e jingles. Tamb\u00e9m pode acompanhar e participar no Facebook\/Instagram (@jeronimorodriguesba), Twitter (@jeronimoba13) e Youtube (@JeronimoRodrigues).<\/h3>\n","protected":false},"excerpt":{"rendered":"<p>Candidato destacou a import\u00e2ncia do Time de Lula para sua atua\u00e7\u00e3o O candidato a governador da Bahia Jer\u00f4nimo Rodrigues (PT) garantiu, nesta ter\u00e7a-feira (29), que sua campanha n\u00e3o \u00e9 movida por interesses privados e financeiros. Em entrevista \u00e0 r\u00e1dio Serra Dourada FM, de Ipir\u00e1, o candidato do Time de Lula destacou que seu projeto \u00e9 [&hellip;]<\/p>\n","protected":false},"author":992,"featured_media":166175,"comment_status":"open","ping_status":"open","sticky":false,"template":"","format":"standard","meta":{"footnotes":"","_links_to":"","_links_to_target":""},"categories":[14,4],"tags":[],"class_list":["post-166174","post","type-post","status-publish","format-standard","has-post-thumbnail","hentry","category-bahia-geral","category-politica"],"views":707,"_links":{"self":[{"href":"https:\/\/www.politicosdosuldabahia.com.br\/v1\/wp-json\/wp\/v2\/posts\/166174"}],"collection":[{"href":"https:\/\/www.politicosdosuldabahia.com.br\/v1\/wp-json\/wp\/v2\/posts"}],"about":[{"href":"https:\/\/www.politicosdosuldabahia.com.br\/v1\/wp-json\/wp\/v2\/types\/post"}],"author":[{"embeddable":true,"href":"https:\/\/www.politicosdosuldabahia.com.br\/v1\/wp-json\/wp\/v2\/users\/992"}],"replies":[{"embeddable":true,"href":"https:\/\/www.politicosdosuldabahia.com.br\/v1\/wp-json\/wp\/v2\/comments?post=166174"}],"version-history":[{"count":3,"href":"https:\/\/www.politicosdosuldabahia.com.br\/v1\/wp-json\/wp\/v2\/posts\/166174\/revisions"}],"predecessor-version":[{"id":166178,"href":"https:\/\/www.politicosdosuldabahia.com.br\/v1\/wp-json\/wp\/v2\/posts\/166174\/revisions\/166178"}],"wp:featuredmedia":[{"embeddable":true,"href":"https:\/\/www.politicosdosuldabahia.com.br\/v1\/wp-json\/wp\/v2\/media\/166175"}],"wp:attachment":[{"href":"https:\/\/www.politicosdosuldabahia.com.br\/v1\/wp-json\/wp\/v2\/media?parent=166174"}],"wp:term":[{"taxonomy":"category","embeddable":true,"href":"https:\/\/www.politicosdosuldabahia.com.br\/v1\/wp-json\/wp\/v2\/categories?post=166174"},{"taxonomy":"post_tag","embeddable":true,"href":"https:\/\/www.politicosdosuldabahia.com.br\/v1\/wp-json\/wp\/v2\/tags?post=166174"}],"curies":[{"name":"wp","href":"https:\/\/api.w.org\/{rel}","templated":true}]}}