
{"id":166128,"date":"2022-08-29T15:52:16","date_gmt":"2022-08-29T18:52:16","guid":{"rendered":"http:\/\/www.politicosdosuldabahia.com.br\/v1\/?p=166128"},"modified":"2022-08-29T15:53:17","modified_gmt":"2022-08-29T18:53:17","slug":"itacare-comicio-de-jeronimo-atrai-10-mil-pessoas","status":"publish","type":"post","link":"https:\/\/www.politicosdosuldabahia.com.br\/v1\/2022\/08\/29\/itacare-comicio-de-jeronimo-atrai-10-mil-pessoas\/","title":{"rendered":"ITACAR\u00c9: COM\u00cdCIO DE JER\u00d4NIMO ATRAI 10 MIL PESSOAS"},"content":{"rendered":"<h4 style=\"text-align: center\"><img loading=\"lazy\" decoding=\"async\" class=\"alignnone size-full wp-image-166129\" src=\"http:\/\/www.politicosdosuldabahia.com.br\/v1\/wp-content\/uploads\/2022\/08\/WhatsApp-Image-2022-08-28-at-20.12.11.jpeg\" alt=\"WhatsApp Image 2022-08-28 at 20.12.11\" width=\"455\" height=\"303\" srcset=\"https:\/\/www.politicosdosuldabahia.com.br\/v1\/wp-content\/uploads\/2022\/08\/WhatsApp-Image-2022-08-28-at-20.12.11.jpeg 455w, https:\/\/www.politicosdosuldabahia.com.br\/v1\/wp-content\/uploads\/2022\/08\/WhatsApp-Image-2022-08-28-at-20.12.11-300x200.jpeg 300w\" sizes=\"(max-width: 455px) 100vw, 455px\" \/><\/h4>\n<h4 style=\"text-align: center\"><strong>Caravana do 13 percorreu cidades do Baixo Sul e encerrou o dia na ponta do Litoral Sul baiano<\/strong><\/h4>\n<p>Depois de visitar cinco cidades do Baixo Sul da Bahia, a Caravana do 13, liderada pelo candidato a governador do Estado pelo PT, Jer\u00f4nimo Rodrigues, encerrou o giro pela regi\u00e3o, neste s\u00e1bado (27), em Itacar\u00e9, cidade do Litoral Sul baiano. Jer\u00f4nimo, o candidato ao Senado, Otto Alencar (PSD), e o governador Rui Costa (PT) foram acompanhados por cerca de 10 mil pessoas, que percorreram as principais ruas do centro da cidade e participaram de um com\u00edcio, entre elas, prefeitos e prefeitas da regi\u00e3o, vice-prefeitos, ex-prefeitos, vereadores e lideran\u00e7as pol\u00edticas.\u00a0\u201cEu me junto a pessoas humanas, que n\u00e3o costumam esquecer do povo. Jer\u00f4nimo representa a continuidade dessa proposta, iniciada por [Jaques] Wagner e tocada por Rui [Costa]\u201d, discursou o prefeito de Itacar\u00e9, Ant\u00f4nio de An\u00edsio (PT). Al\u00e9m de An\u00edsio, acompanharam Jer\u00f4nimo, os gestores de Tapero\u00e1, Kitty Guimar\u00e3es (PP); de Gandu, L\u00e9o de Neco (PP); de Camamu, Enoc Silva (PP); de Igrapi\u00fana, Manoel Ribeiro (PP); de Teol\u00e2ndia, Rosa Santana (PP); de Pira\u00ed do Norte, Ulysses Veiga (PP); de Presidente Tancredo Neves, Toin do B\u00f3 (PP); de Jussari, Ant\u00f4nio Valete (PSD); e de Ilh\u00e9us, M\u00e1rio Alexandre (PSD).<\/p>\n<h3 style=\"text-align: justify\">Presente em Itacar\u00e9, o governador Rui Costa (PT), que obteve 83,33% dos votos dos eleitores itacareenses nas elei\u00e7\u00f5es de 2018, afirmou que Jer\u00f4nimo n\u00e3o \u00e9 \u201cnenhum candidato nutella\u201d. \u201cCada um tem uma personalidade e um jeito, mas na alma, Jer\u00f4nimo \u00e9 igual a mim. Tem a cabe\u00e7a de quem nasceu no interior, eu na favela, ele \u00e9 filho de um vaqueiro, sempre estudou em escola p\u00fablica, se tornou professor, foi meu secret\u00e1rio da Agricultura e me ajudou a elaborar o melhor programa do pa\u00eds, premiado pelo apoio dado aos pequenos agricultores baianos. Por saber que o cabra \u00e9 bom e me deu muito orgulho, coloquei ele na Educa\u00e7\u00e3o e hoje, a Bahia \u00e9 o estado que mais investe em educa\u00e7\u00e3o no Brasil, ganhando at\u00e9 para S\u00e3o Paulo\u201d, discursou Rui.<\/h3>\n<h3 style=\"text-align: justify\">\u201cVamos manter esse ritmo e dou a minha palavra, firmo um compromisso em pra\u00e7a p\u00fablica, de que tudo que Rui Costa n\u00e3o conseguir realizar at\u00e9 o dia 31 de dezembro, a partir do dia 3 de outubro, com f\u00e9 em Deus e a vontade do povo da Bahia, iremos come\u00e7ar a transi\u00e7\u00e3o do novo governo e iremos sentar com os prefeitos e prefeitas, com os cons\u00f3rcios [intermunicipais],\u00a0e tudo aquilo que n\u00e3o deu tempo, os compromissos firmados, todos eles ser\u00e3o cumpridos por mim, discursou Jer\u00f4nimo.<\/h3>\n<h3 style=\"text-align: justify\">Neste domingo (28), o candidato participa de grava\u00e7\u00f5es para o seu programa eleitoral. Na segunda (29), Jer\u00f4nimo retorna a Vit\u00f3ria da Conquista, onde se re\u00fane com empres\u00e1rios de toda a regi\u00e3o.<\/h3>\n<h3 style=\"text-align: justify\">Conhe\u00e7a mais sobre Jer\u00f4nimo (PT) e suas propostas para a Bahia<\/h3>\n<h3 style=\"text-align: justify\">No site oficial do candidato de Lula na Bahia (https:\/\/jeronimogovernador13.com\/), voc\u00ea encontra informa\u00e7\u00f5es sobre a hist\u00f3ria de Jer\u00f4nimo, a agenda oficial, o plano de governo e tem acesso a fotos, v\u00eddeos e jingles. Tamb\u00e9m pode acompanhar e participar dos perfis de Jer\u00f4nimo no Facebook\/Instagram (@jeronimorodriguesba), Twitter (@jeronimoba13) e Youtube (@JeronimoRodrigues).<\/h3>\n","protected":false},"excerpt":{"rendered":"<p>Caravana do 13 percorreu cidades do Baixo Sul e encerrou o dia na ponta do Litoral Sul baiano Depois de visitar cinco cidades do Baixo Sul da Bahia, a Caravana do 13, liderada pelo candidato a governador do Estado pelo PT, Jer\u00f4nimo Rodrigues, encerrou o giro pela regi\u00e3o, neste s\u00e1bado (27), em Itacar\u00e9, cidade do [&hellip;]<\/p>\n","protected":false},"author":992,"featured_media":166129,"comment_status":"open","ping_status":"open","sticky":false,"template":"","format":"standard","meta":{"footnotes":"","_links_to":"","_links_to_target":""},"categories":[14,4],"tags":[],"class_list":["post-166128","post","type-post","status-publish","format-standard","has-post-thumbnail","hentry","category-bahia-geral","category-politica"],"views":777,"_links":{"self":[{"href":"https:\/\/www.politicosdosuldabahia.com.br\/v1\/wp-json\/wp\/v2\/posts\/166128"}],"collection":[{"href":"https:\/\/www.politicosdosuldabahia.com.br\/v1\/wp-json\/wp\/v2\/posts"}],"about":[{"href":"https:\/\/www.politicosdosuldabahia.com.br\/v1\/wp-json\/wp\/v2\/types\/post"}],"author":[{"embeddable":true,"href":"https:\/\/www.politicosdosuldabahia.com.br\/v1\/wp-json\/wp\/v2\/users\/992"}],"replies":[{"embeddable":true,"href":"https:\/\/www.politicosdosuldabahia.com.br\/v1\/wp-json\/wp\/v2\/comments?post=166128"}],"version-history":[{"count":2,"href":"https:\/\/www.politicosdosuldabahia.com.br\/v1\/wp-json\/wp\/v2\/posts\/166128\/revisions"}],"predecessor-version":[{"id":166131,"href":"https:\/\/www.politicosdosuldabahia.com.br\/v1\/wp-json\/wp\/v2\/posts\/166128\/revisions\/166131"}],"wp:featuredmedia":[{"embeddable":true,"href":"https:\/\/www.politicosdosuldabahia.com.br\/v1\/wp-json\/wp\/v2\/media\/166129"}],"wp:attachment":[{"href":"https:\/\/www.politicosdosuldabahia.com.br\/v1\/wp-json\/wp\/v2\/media?parent=166128"}],"wp:term":[{"taxonomy":"category","embeddable":true,"href":"https:\/\/www.politicosdosuldabahia.com.br\/v1\/wp-json\/wp\/v2\/categories?post=166128"},{"taxonomy":"post_tag","embeddable":true,"href":"https:\/\/www.politicosdosuldabahia.com.br\/v1\/wp-json\/wp\/v2\/tags?post=166128"}],"curies":[{"name":"wp","href":"https:\/\/api.w.org\/{rel}","templated":true}]}}