
{"id":166125,"date":"2022-08-29T15:48:50","date_gmt":"2022-08-29T18:48:50","guid":{"rendered":"http:\/\/www.politicosdosuldabahia.com.br\/v1\/?p=166125"},"modified":"2022-08-29T15:48:50","modified_gmt":"2022-08-29T18:48:50","slug":"jeronimo-se-reune-com-150-empresarios-em-vitoria-da-conquista-nesta-segunda-feira","status":"publish","type":"post","link":"https:\/\/www.politicosdosuldabahia.com.br\/v1\/2022\/08\/29\/jeronimo-se-reune-com-150-empresarios-em-vitoria-da-conquista-nesta-segunda-feira\/","title":{"rendered":"JER\u00d4NIMO SE RE\u00daNE COM 150 EMPRES\u00c1RIOS EM VIT\u00d3RIA DA CONQUISTA NESTA SEGUNDA-FEIRA"},"content":{"rendered":"<h4 style=\"text-align: center\"><img loading=\"lazy\" decoding=\"async\" class=\"alignnone wp-image-166126\" src=\"http:\/\/www.politicosdosuldabahia.com.br\/v1\/wp-content\/uploads\/2022\/08\/WhatsApp-Image-2022-08-29-at-09.27.06.jpeg\" alt=\"WhatsApp Image 2022-08-29 at 09.27.06\" width=\"304\" height=\"455\" \/><\/h4>\n<h4 style=\"text-align: center\"><em><strong>Evento contar\u00e1 com a presen\u00e7a de diversos segmentos da ind\u00fastria, com\u00e9rcio e servi\u00e7os<\/strong><\/em><\/h4>\n<h3>O candidato a governador da Bahia, Jer\u00f4nimo Rodrigues (PT), realiza nesta segunda-feira (29), \u00e0s 18 horas, um encontro com 150 empres\u00e1rios dos diversos segmentos da ind\u00fastria, com\u00e9rcio e servi\u00e7os para ouvir as demandas e apresentar as propostas para o desenvolvimento do estado. O encontro acontece na sede da Ordem dos Advogados do Brasil (OAB), em Vit\u00f3ria da Conquista.<\/h3>\n<h3 style=\"text-align: justify\">&#8220;Quero ouvir e dialogar com os empres\u00e1rios a fim de construirmos um ambiente adequado para novos investimentos privados, com a gera\u00e7\u00e3o de emprego e renda. Vou mostrar como vamos fortalecer a economia da regi\u00e3o de Conquista e de toda Bahia&#8221;, afirma Jer\u00f4nimo.<\/h3>\n<h3 style=\"text-align: justify\">Dentre as entidades confirmadas, destaque para a OAB, CDL, COOPMAC, AINVIC e SINDUSCON. Os representantes de cada institui\u00e7\u00e3o ir\u00e3o expor suas demandas ao candidato do Time de Lula na Bahia. &#8220;Vit\u00f3ria da Conquista tem uma localiza\u00e7\u00e3o privilegiada e a infraestrutura log\u00edstica e energ\u00e9tica ser\u00e1 ampliada&#8221;, ressalta Jer\u00f4nimo.<\/h3>\n<h3 style=\"text-align: justify\">Conhe\u00e7a mais sobre Jer\u00f4nimo (PT) e suas propostas para toda Bahia<\/h3>\n<h3 style=\"text-align: justify\">No site oficial do candidato de Lula na Bahia (https:\/\/jeronimogovernador13.com\/) voc\u00ea encontra informa\u00e7\u00f5es sobre a hist\u00f3ria de Jer\u00f4nimo, a agenda oficial, o plano de governo e tem acesso a fotos, v\u00eddeos e jingles. Tamb\u00e9m pode acompanhar e participar no Facebook\/Instagram (@jeronimorodriguesba), Twitter (@jeronimoba13) e Youtube (@JeronimoRodrigues).<\/h3>\n","protected":false},"excerpt":{"rendered":"<p>Evento contar\u00e1 com a presen\u00e7a de diversos segmentos da ind\u00fastria, com\u00e9rcio e servi\u00e7os O candidato a governador da Bahia, Jer\u00f4nimo Rodrigues (PT), realiza nesta segunda-feira (29), \u00e0s 18 horas, um encontro com 150 empres\u00e1rios dos diversos segmentos da ind\u00fastria, com\u00e9rcio e servi\u00e7os para ouvir as demandas e apresentar as propostas para o desenvolvimento do estado. [&hellip;]<\/p>\n","protected":false},"author":992,"featured_media":166126,"comment_status":"open","ping_status":"open","sticky":false,"template":"","format":"standard","meta":{"footnotes":"","_links_to":"","_links_to_target":""},"categories":[14,4],"tags":[],"class_list":["post-166125","post","type-post","status-publish","format-standard","has-post-thumbnail","hentry","category-bahia-geral","category-politica"],"views":494,"_links":{"self":[{"href":"https:\/\/www.politicosdosuldabahia.com.br\/v1\/wp-json\/wp\/v2\/posts\/166125"}],"collection":[{"href":"https:\/\/www.politicosdosuldabahia.com.br\/v1\/wp-json\/wp\/v2\/posts"}],"about":[{"href":"https:\/\/www.politicosdosuldabahia.com.br\/v1\/wp-json\/wp\/v2\/types\/post"}],"author":[{"embeddable":true,"href":"https:\/\/www.politicosdosuldabahia.com.br\/v1\/wp-json\/wp\/v2\/users\/992"}],"replies":[{"embeddable":true,"href":"https:\/\/www.politicosdosuldabahia.com.br\/v1\/wp-json\/wp\/v2\/comments?post=166125"}],"version-history":[{"count":1,"href":"https:\/\/www.politicosdosuldabahia.com.br\/v1\/wp-json\/wp\/v2\/posts\/166125\/revisions"}],"predecessor-version":[{"id":166127,"href":"https:\/\/www.politicosdosuldabahia.com.br\/v1\/wp-json\/wp\/v2\/posts\/166125\/revisions\/166127"}],"wp:featuredmedia":[{"embeddable":true,"href":"https:\/\/www.politicosdosuldabahia.com.br\/v1\/wp-json\/wp\/v2\/media\/166126"}],"wp:attachment":[{"href":"https:\/\/www.politicosdosuldabahia.com.br\/v1\/wp-json\/wp\/v2\/media?parent=166125"}],"wp:term":[{"taxonomy":"category","embeddable":true,"href":"https:\/\/www.politicosdosuldabahia.com.br\/v1\/wp-json\/wp\/v2\/categories?post=166125"},{"taxonomy":"post_tag","embeddable":true,"href":"https:\/\/www.politicosdosuldabahia.com.br\/v1\/wp-json\/wp\/v2\/tags?post=166125"}],"curies":[{"name":"wp","href":"https:\/\/api.w.org\/{rel}","templated":true}]}}