
{"id":166122,"date":"2022-08-29T15:45:53","date_gmt":"2022-08-29T18:45:53","guid":{"rendered":"http:\/\/www.politicosdosuldabahia.com.br\/v1\/?p=166122"},"modified":"2022-08-29T15:45:53","modified_gmt":"2022-08-29T18:45:53","slug":"acm-neto-chega-a-250-municipios-percorridos-na-bahia","status":"publish","type":"post","link":"https:\/\/www.politicosdosuldabahia.com.br\/v1\/2022\/08\/29\/acm-neto-chega-a-250-municipios-percorridos-na-bahia\/","title":{"rendered":"ACM NETO CHEGA A 250 MUNIC\u00cdPIOS PERCORRIDOS NA BAHIA"},"content":{"rendered":"<h4 style=\"text-align: center\"><img loading=\"lazy\" decoding=\"async\" class=\"alignnone size-full wp-image-166123\" src=\"http:\/\/www.politicosdosuldabahia.com.br\/v1\/wp-content\/uploads\/2022\/08\/WhatsApp-Image-2022-08-29-at-09.27.38.jpeg\" alt=\"WhatsApp Image 2022-08-29 at 09.27.38\" width=\"455\" height=\"303\" srcset=\"https:\/\/www.politicosdosuldabahia.com.br\/v1\/wp-content\/uploads\/2022\/08\/WhatsApp-Image-2022-08-29-at-09.27.38.jpeg 455w, https:\/\/www.politicosdosuldabahia.com.br\/v1\/wp-content\/uploads\/2022\/08\/WhatsApp-Image-2022-08-29-at-09.27.38-300x200.jpeg 300w\" sizes=\"(max-width: 455px) 100vw, 455px\" \/><\/h4>\n<h4 style=\"text-align: center\"><em><strong>Candidato a governador realiza carreatas e com\u00edcios em oito cidades do Baixo Sul e M\u00e9dio Rio de Contas nesse domingo<\/strong><\/em><\/h4>\n<h3>Com a agenda deste domingo (28), o candidato a governador ACM Neto ultrapassa o n\u00famero de 250 cidades percorridas na Bahia desde o in\u00edcio da sua pr\u00e9-campanha. Ao lado dos candidatos a vice-governadora Ana Coelho (Republicanos) e a senador Cac\u00e1 Le\u00e3o (PP), ele participa de carreatas em oito munic\u00edpios do Baixo Sul e do M\u00e9dio Rio de Contas.<\/h3>\n<h3 style=\"text-align: justify\">As cinco primeiras cidades visitadas pela manh\u00e3 e in\u00edcio da tarde foram Apuarema, Itamari, Nova Ibi\u00e1, Pira\u00ed do Norte e Presidente Tancredo Neves. Em todas, a comitiva da coliga\u00e7\u00e3o Pra Mudar a Bahia foi recebida por lideran\u00e7as locais e sentiu o carinho da popula\u00e7\u00e3o.<\/h3>\n<h3 style=\"text-align: justify\">&#8220;Esse domingo \u00e9 um dia muito especial para a nossa campanha, pois estamos visitando num s\u00f3 dia oito munic\u00edpios. Sendo que, quando pisei os p\u00e9s aqui em Presidente Tancredo Neves, completei a marca de 250 munic\u00edpios percorridos pela Bahia&#8221;, discursou na cidade do Baixo Sul.<\/h3>\n<h3 style=\"text-align: justify\">ACM Neto lembrou que trata-se de um feito in\u00e9dito na pol\u00edtica baiana. &#8220;Nunca um candidato a governador do estado andou tanto pela Bahia como eu andei. Nunca um candidato teve um contato assim t\u00e3o pr\u00f3ximo com as pessoas como eu tive. Nunca um candidato teve o respeito de ouvir tantos baianos e ver de perto os problemas e, sobretudo, enxergar quais s\u00e3o os desejos e sonhos do nosso povo&#8221;, completou.<\/h3>\n<h3 style=\"text-align: justify\">Em Apuarema, a cidade parou para ver a comitiva passar em carro aberto. Em praticamente todas as casas, o povo saiu na cal\u00e7ada ou abriu as janelas para saudar Neto, Cac\u00e1 e Ana ao som do jingle: &#8220;ACM agora \u00e9 44&#8221;. Uma multid\u00e3o a p\u00e9 tamb\u00e9m seguiu o percurso de 2,5 km pelas ruas.<\/h3>\n<h3 style=\"text-align: justify\">Em Itamari, nem os chuviscos atrapalharam a carreata. Bem na v\u00e9spera do almo\u00e7o, o povo deu um tempinho na cerveja para aparecer na frente das casas a fim de saudar a comitiva. O percurso de 2 km percorreu os bairros mais pobres e o centro da cidade.<\/h3>\n<h3 style=\"text-align: justify\">Em Nova Ibi\u00e1, Pira\u00ed do Norte e Presidente Tancredo Neves n\u00e3o foi diferente. As pessoas reunidas em casa no domingo receberam as carreatas como um grande evento familiar. Foram para as cal\u00e7adas em cheio, pedindo o adesivo do 44 e declarando seu voto nas elei\u00e7\u00f5es de outubro.<\/h3>\n<h3 style=\"text-align: justify\">Ainda neste domingo, o candidato do Uni\u00e3o Brasil realiza carreatas em Teol\u00e2ndia, Wenceslau Guimar\u00e3es e Gandu. S\u00f3 na atual agenda pelo interior do estado, que come\u00e7ou na quarta-feira (24) foram 22 cidades visitadas em cinco dias.<\/h3>\n<h3 style=\"text-align: justify\">Ainda como pr\u00e9-candidato ao governo da Bahia, ACM Neto chegou \u00e0 conven\u00e7\u00e3o do Uni\u00e3o Brasil, no dia 5 de agosto, com quase 200 munic\u00edpios diferentes visitados. Ele come\u00e7ou a percorrer o estado ainda em 2021, dialogando com lideran\u00e7as de todas as regi\u00f5es e ouvindo a popula\u00e7\u00e3o.<\/h3>\n","protected":false},"excerpt":{"rendered":"<p>Candidato a governador realiza carreatas e com\u00edcios em oito cidades do Baixo Sul e M\u00e9dio Rio de Contas nesse domingo Com a agenda deste domingo (28), o candidato a governador ACM Neto ultrapassa o n\u00famero de 250 cidades percorridas na Bahia desde o in\u00edcio da sua pr\u00e9-campanha. Ao lado dos candidatos a vice-governadora Ana Coelho [&hellip;]<\/p>\n","protected":false},"author":992,"featured_media":166123,"comment_status":"open","ping_status":"open","sticky":false,"template":"","format":"standard","meta":{"footnotes":"","_links_to":"","_links_to_target":""},"categories":[14],"tags":[],"class_list":["post-166122","post","type-post","status-publish","format-standard","has-post-thumbnail","hentry","category-bahia-geral"],"views":588,"_links":{"self":[{"href":"https:\/\/www.politicosdosuldabahia.com.br\/v1\/wp-json\/wp\/v2\/posts\/166122"}],"collection":[{"href":"https:\/\/www.politicosdosuldabahia.com.br\/v1\/wp-json\/wp\/v2\/posts"}],"about":[{"href":"https:\/\/www.politicosdosuldabahia.com.br\/v1\/wp-json\/wp\/v2\/types\/post"}],"author":[{"embeddable":true,"href":"https:\/\/www.politicosdosuldabahia.com.br\/v1\/wp-json\/wp\/v2\/users\/992"}],"replies":[{"embeddable":true,"href":"https:\/\/www.politicosdosuldabahia.com.br\/v1\/wp-json\/wp\/v2\/comments?post=166122"}],"version-history":[{"count":1,"href":"https:\/\/www.politicosdosuldabahia.com.br\/v1\/wp-json\/wp\/v2\/posts\/166122\/revisions"}],"predecessor-version":[{"id":166124,"href":"https:\/\/www.politicosdosuldabahia.com.br\/v1\/wp-json\/wp\/v2\/posts\/166122\/revisions\/166124"}],"wp:featuredmedia":[{"embeddable":true,"href":"https:\/\/www.politicosdosuldabahia.com.br\/v1\/wp-json\/wp\/v2\/media\/166123"}],"wp:attachment":[{"href":"https:\/\/www.politicosdosuldabahia.com.br\/v1\/wp-json\/wp\/v2\/media?parent=166122"}],"wp:term":[{"taxonomy":"category","embeddable":true,"href":"https:\/\/www.politicosdosuldabahia.com.br\/v1\/wp-json\/wp\/v2\/categories?post=166122"},{"taxonomy":"post_tag","embeddable":true,"href":"https:\/\/www.politicosdosuldabahia.com.br\/v1\/wp-json\/wp\/v2\/tags?post=166122"}],"curies":[{"name":"wp","href":"https:\/\/api.w.org\/{rel}","templated":true}]}}