
{"id":166081,"date":"2022-08-27T11:32:46","date_gmt":"2022-08-27T14:32:46","guid":{"rendered":"http:\/\/www.politicosdosuldabahia.com.br\/v1\/?p=166081"},"modified":"2022-08-27T11:32:46","modified_gmt":"2022-08-27T14:32:46","slug":"acm-neto-lidera-disputa-ao-governo-da-bahia-com-56-das-intencoes-de-voto","status":"publish","type":"post","link":"https:\/\/www.politicosdosuldabahia.com.br\/v1\/2022\/08\/27\/acm-neto-lidera-disputa-ao-governo-da-bahia-com-56-das-intencoes-de-voto\/","title":{"rendered":"ACM NETO LIDERA DISPUTA AO GOVERNO DA BAHIA COM 56% DAS INTEN\u00c7\u00d5ES DE VOTO"},"content":{"rendered":"<h4 style=\"text-align: center\"><img loading=\"lazy\" decoding=\"async\" class=\"alignnone size-full wp-image-166082\" src=\"http:\/\/www.politicosdosuldabahia.com.br\/v1\/wp-content\/uploads\/2022\/08\/WhatsApp-Image-2022-08-27-at-11.30.16.jpeg\" alt=\"WhatsApp Image 2022-08-27 at 11.30.16\" width=\"455\" height=\"303\" srcset=\"https:\/\/www.politicosdosuldabahia.com.br\/v1\/wp-content\/uploads\/2022\/08\/WhatsApp-Image-2022-08-27-at-11.30.16.jpeg 455w, https:\/\/www.politicosdosuldabahia.com.br\/v1\/wp-content\/uploads\/2022\/08\/WhatsApp-Image-2022-08-27-at-11.30.16-300x200.jpeg 300w\" sizes=\"(max-width: 455px) 100vw, 455px\" \/><\/h4>\n<h4 style=\"text-align: center\"><em><strong>Dados foram divulgados pelo IPEC nesta sexta-feira (26)<\/strong><\/em><\/h4>\n<h3 style=\"text-align: justify\">O candidato a governador ACM Neto (Uni\u00e3o Brasil) continua na lideran\u00e7a das pesquisas para a corrida eleitoral de 2022 na Bahia. Levantamento divulgado nesta sexta-feira (26) pelo IPEC &#8211; antigo Ibope &#8211; mostra o ex-prefeito de Salvador com 56% das inten\u00e7\u00f5es de voto para o Governo do Estado.<\/h3>\n<h3 style=\"text-align: justify\">De acordo com a pesquisa encomendada pela TV Bahia, caso as elei\u00e7\u00f5es acontecessem hoje, ACM Neto seria eleito em primeiro turno na Bahia. A margem de erro da pesquisa \u00e9 de tr\u00eas pontos percentuais para mais ou para menos.<\/h3>\n<h3 style=\"text-align: justify\">Ainda no cen\u00e1rio estimulado, o candidato Jer\u00f4nimo Rodrigues (PT) acumula 13% e Jo\u00e3o Roma (PL), o terceiro colocado, somou 7% do apoio dos entrevistados. O candidato Millet (PCO) recebeu 2% das inten\u00e7\u00f5es de voto, e Kleber Rosa (PSOL) tem 1%.<\/h3>\n<h3 style=\"text-align: justify\">Os votos brancos e nulos somaram 8%, enquanto 12% n\u00e3o souberam ou preferiram n\u00e3o responder.<\/h3>\n<h3 style=\"text-align: justify\">O Instituto em Pesquisa e Consultoria (IPEC) entrevistou 1008 pessoas entre os dias 23 a 25 de agosto. Participaram do levantamento 51 cidades do estado. Registrado no Tribunal Superior Eleitoral (TSE) sob o n\u00famero BA \u2013 028732022 (TRE) e BR \u2013 00575\/222 (TSE), o estudo tem 95% de n\u00edvel de confian\u00e7a.<\/h3>\n<h3 style=\"text-align: justify\">Pesquisa Datafolha<\/h3>\n<h3 style=\"text-align: justify\">O resultado anunciado pelo IPEC hoje (26) corrobora com a informa\u00e7\u00e3o divulgada na \u00faltima quarta-feira (24) pelo Datafolha. Considerado um dos maiores e mais respeitados institutos de pesquisa do pa\u00eds, o Datafolha tamb\u00e9m apontou a vit\u00f3ria de ACM Neto ao Governo da Bahia ainda no primeiro turno das elei\u00e7\u00f5es de 2022.<\/h3>\n","protected":false},"excerpt":{"rendered":"<p>Dados foram divulgados pelo IPEC nesta sexta-feira (26) O candidato a governador ACM Neto (Uni\u00e3o Brasil) continua na lideran\u00e7a das pesquisas para a corrida eleitoral de 2022 na Bahia. Levantamento divulgado nesta sexta-feira (26) pelo IPEC &#8211; antigo Ibope &#8211; mostra o ex-prefeito de Salvador com 56% das inten\u00e7\u00f5es de voto para o Governo do [&hellip;]<\/p>\n","protected":false},"author":992,"featured_media":166082,"comment_status":"open","ping_status":"open","sticky":false,"template":"","format":"standard","meta":{"footnotes":"","_links_to":"","_links_to_target":""},"categories":[14,4],"tags":[],"class_list":["post-166081","post","type-post","status-publish","format-standard","has-post-thumbnail","hentry","category-bahia-geral","category-politica"],"views":599,"_links":{"self":[{"href":"https:\/\/www.politicosdosuldabahia.com.br\/v1\/wp-json\/wp\/v2\/posts\/166081"}],"collection":[{"href":"https:\/\/www.politicosdosuldabahia.com.br\/v1\/wp-json\/wp\/v2\/posts"}],"about":[{"href":"https:\/\/www.politicosdosuldabahia.com.br\/v1\/wp-json\/wp\/v2\/types\/post"}],"author":[{"embeddable":true,"href":"https:\/\/www.politicosdosuldabahia.com.br\/v1\/wp-json\/wp\/v2\/users\/992"}],"replies":[{"embeddable":true,"href":"https:\/\/www.politicosdosuldabahia.com.br\/v1\/wp-json\/wp\/v2\/comments?post=166081"}],"version-history":[{"count":1,"href":"https:\/\/www.politicosdosuldabahia.com.br\/v1\/wp-json\/wp\/v2\/posts\/166081\/revisions"}],"predecessor-version":[{"id":166083,"href":"https:\/\/www.politicosdosuldabahia.com.br\/v1\/wp-json\/wp\/v2\/posts\/166081\/revisions\/166083"}],"wp:featuredmedia":[{"embeddable":true,"href":"https:\/\/www.politicosdosuldabahia.com.br\/v1\/wp-json\/wp\/v2\/media\/166082"}],"wp:attachment":[{"href":"https:\/\/www.politicosdosuldabahia.com.br\/v1\/wp-json\/wp\/v2\/media?parent=166081"}],"wp:term":[{"taxonomy":"category","embeddable":true,"href":"https:\/\/www.politicosdosuldabahia.com.br\/v1\/wp-json\/wp\/v2\/categories?post=166081"},{"taxonomy":"post_tag","embeddable":true,"href":"https:\/\/www.politicosdosuldabahia.com.br\/v1\/wp-json\/wp\/v2\/tags?post=166081"}],"curies":[{"name":"wp","href":"https:\/\/api.w.org\/{rel}","templated":true}]}}