
{"id":165141,"date":"2022-07-28T15:32:37","date_gmt":"2022-07-28T18:32:37","guid":{"rendered":"http:\/\/www.politicosdosuldabahia.com.br\/v1\/?p=165141"},"modified":"2022-07-28T15:32:37","modified_gmt":"2022-07-28T18:32:37","slug":"bahia-convencao-liderada-pelo-pt-oficializa-candidaturas","status":"publish","type":"post","link":"https:\/\/www.politicosdosuldabahia.com.br\/v1\/2022\/07\/28\/bahia-convencao-liderada-pelo-pt-oficializa-candidaturas\/","title":{"rendered":"BAHIA: CONVEN\u00c7\u00c3O LIDERADA PELO PT OFICIALIZA  CANDIDATURAS"},"content":{"rendered":"<p>&nbsp;<\/p>\n<p><img loading=\"lazy\" decoding=\"async\" class=\"wp-image-165142 aligncenter\" src=\"http:\/\/www.politicosdosuldabahia.com.br\/v1\/wp-content\/uploads\/2022\/07\/unnamed.jpg\" alt=\"unnamed\" width=\"455\" height=\"303\" srcset=\"https:\/\/www.politicosdosuldabahia.com.br\/v1\/wp-content\/uploads\/2022\/07\/unnamed.jpg 1280w, https:\/\/www.politicosdosuldabahia.com.br\/v1\/wp-content\/uploads\/2022\/07\/unnamed-300x200.jpg 300w, https:\/\/www.politicosdosuldabahia.com.br\/v1\/wp-content\/uploads\/2022\/07\/unnamed-768x512.jpg 768w, https:\/\/www.politicosdosuldabahia.com.br\/v1\/wp-content\/uploads\/2022\/07\/unnamed-1024x682.jpg 1024w\" sizes=\"(max-width: 455px) 100vw, 455px\" \/><\/p>\n<p style=\"text-align: center\"><strong><em>Rosemberg tem favoritismo para seguir no Parlamento<\/em><\/strong><\/p>\n<h3 style=\"text-align: justify\" align=\"justify\"><span style=\"font-size: large\"><span style=\"color: #000000\"><span style=\"font-family: Arial, sans-serif\"><span style=\"font-size: medium\">O deputado estadual petista Rosemberg Pinto\u00a0<\/span><\/span><\/span><span style=\"color: #000000\"><span style=\"font-family: Arial, sans-serif\"><span style=\"font-size: medium\">ter\u00e1\u00a0<\/span><\/span><\/span><span style=\"color: #000000\"><span style=\"font-family: Arial, sans-serif\"><span style=\"font-size: medium\">oficializa<\/span><\/span><\/span><span style=\"color: #000000\"><span style=\"font-family: Arial, sans-serif\"><span style=\"font-size: medium\">da<\/span><\/span><\/span><span style=\"color: #000000\"><span style=\"font-family: Arial, sans-serif\"><span style=\"font-size: medium\">, neste s\u00e1bado (30), durante conven\u00e7\u00e3o\u00a0<\/span><\/span><\/span><span style=\"color: #000000\"><span style=\"font-family: Arial, sans-serif\"><span style=\"font-size: medium\">partid\u00e1ria<\/span><\/span><\/span><span style=\"color: #000000\"><span style=\"font-family: Arial, sans-serif\"><span style=\"font-size: medium\">, sua candidatura \u00e0 reelei\u00e7\u00e3o para a Assembleia Legislativa da Bahia. O parlamentar,\u00a0<\/span><\/span><\/span><span style=\"color: #000000\"><span style=\"font-family: Arial, sans-serif\"><span style=\"font-size: medium\">que\u00a0<\/span><\/span><\/span><span style=\"color: #000000\"><span style=\"font-family: Arial, sans-serif\"><span style=\"font-size: medium\">atualmente \u00e9 l\u00edder do Governo \/ Maioria na Casa,<\/span><\/span><\/span><span style=\"color: #000000\"><span style=\"font-family: Arial, sans-serif\"><span style=\"font-size: medium\">\u00a0disputar\u00e1 seu quarto pleito e, na \u00faltima elei\u00e7\u00e3o,\u00a0<\/span><\/span><\/span><span style=\"color: #000000\"><span style=\"font-family: Arial, sans-serif\"><span style=\"font-size: medium\">conquistou\u00a0<\/span><\/span><\/span><span style=\"color: #000000\"><span style=\"font-family: Arial, sans-serif\"><span style=\"font-size: medium\">aproximadamente 102 mil votos, sendo o mais votado do PT e segundo da Bahia.<\/span><\/span><\/span><\/span><\/h3>\n<h3 style=\"text-align: justify\" align=\"justify\"><span style=\"font-size: large\"><span style=\"color: #000000\"><span style=\"font-family: Arial, sans-serif\"><span style=\"font-size: medium\">Comp\u00f5em a chapa majorit\u00e1ria, os candidatos ao Governo, Jer\u00f4nimo Rodrigues e Geraldo J\u00fanior (vice), e ao Senado, Otto Alencar, que tamb\u00e9m ter\u00e3o reconhecido<\/span><\/span><\/span><span style=\"color: #000000\"><span style=\"font-family: Arial, sans-serif\"><span style=\"font-size: medium\">s<\/span><\/span><\/span><span style=\"color: #000000\"><span style=\"font-family: Arial, sans-serif\"><span style=\"font-size: medium\">\u00a0seus registros.\u00a0<\/span><\/span><\/span><span style=\"color: #000000\"><span style=\"font-family: Arial, sans-serif\"><span style=\"font-size: medium\">A conven\u00e7\u00e3o\u00a0<b>Juntos pela Bahia<\/b>\u00a0reunir\u00e1 o<\/span><\/span><\/span><span style=\"color: #000000\"><span style=\"font-family: Arial, sans-serif\"><span style=\"font-size: medium\">\u00a0\u201ctime\u201d apoiado pelo ent\u00e3o candidato \u00e0 presid\u00eancia, Luiz In\u00e1cio Lula da Silva.<\/span><\/span><\/span><span style=\"color: #000000\"><span style=\"font-family: Arial, sans-serif\"><span style=\"font-size: medium\">\u00a0A Federa\u00e7\u00e3o \u00e9<\/span><\/span><\/span><span style=\"color: #000000\"><span style=\"font-family: Arial, sans-serif\"><span style=\"font-size: medium\">\u00a0composta pelos partidos PT, PC do B e PV<\/span><\/span><\/span><span style=\"color: #000000\"><span style=\"font-family: Arial, sans-serif\"><span style=\"font-size: medium\">.<\/span><\/span><\/span><\/span><\/h3>\n<h3 style=\"text-align: justify\" align=\"justify\"><span style=\"color: #000000\"><span style=\"font-family: Arial, sans-serif\"><span style=\"font-size: medium\"><br \/>\nTamb\u00e9m j\u00e1 confirmaram presen\u00e7as\u00a0<\/span><\/span><\/span><span style=\"color: #000000\"><span style=\"font-family: Arial, sans-serif\"><span style=\"font-size: medium\">no evento<\/span><\/span><\/span><span style=\"color: #000000\"><span style=\"font-family: Arial, sans-serif\"><span style=\"font-size: medium\">\u00a0os senadores Jaques Wagner, \u00c2ngelo Coronel\u00a0<\/span><\/span><\/span><span style=\"color: #000000\"><span style=\"font-family: Arial, sans-serif\"><span style=\"font-size: medium\">e<\/span><\/span><\/span><span style=\"color: #000000\"><span style=\"font-family: Arial, sans-serif\"><span style=\"font-size: medium\">\u00a0o governador Rui Costa. O evento \u00e9 aberto ao p\u00fablico em geral e ser\u00e1 realizado no Parque de Exposi\u00e7\u00f5es de Salvador, a partir das 9h. A organiza\u00e7\u00e3o estima um p\u00fablico de 20 mil pessoas,\u00a0<\/span><\/span><\/span><span style=\"color: #000000\"><span style=\"font-family: Arial, sans-serif\"><span style=\"font-size: medium\">incluindo a participa\u00e7\u00e3o de 300 prefeitos da base aliada\u00a0<\/span><\/span><\/span><span style=\"color: #000000\"><span style=\"font-family: Arial, sans-serif\"><span style=\"font-size: medium\">(PT, PSD, PC do B, PV, MDB, Patriota).<\/span><\/span><\/span><\/h3>\n<h3 style=\"text-align: justify\" align=\"justify\"><strong><span style=\"color: #333333\"><span style=\"font-family: Arial, sans-serif\"><span style=\"font-size: medium\">Perfil<\/span><\/span><\/span><\/strong><\/h3>\n<h3 style=\"text-align: justify\" align=\"justify\"><strong><span style=\"color: #000000\"><span style=\"font-family: Arial, sans-serif\">Natural de Itoror\u00f3 (BA), Rosemberg\u00a0<\/span><\/span><\/strong><strong><span style=\"color: #000000\"><span style=\"font-family: Arial, sans-serif\">\u00e9 f<\/span><\/span><\/strong><strong><span style=\"color: #000000\"><span style=\"font-family: Arial, sans-serif\">ormado em Sociologia, pela UFBA,\u00a0<\/span><\/span><\/strong><strong><span style=\"color: #000000\"><span style=\"font-family: Arial, sans-serif\">e<\/span><\/span><\/strong><strong><span style=\"color: #000000\"><span style=\"font-family: Arial, sans-serif\">\u00a0especiali<\/span><\/span><\/strong><strong><span style=\"color: #000000\"><span style=\"font-family: Arial, sans-serif\">sta<\/span><\/span><\/strong><strong><span style=\"color: #000000\"><span style=\"font-family: Arial, sans-serif\">\u00a0em Ci\u00eancia Pol\u00edtica. Um dos deputados estaduais mais atuantes do Parlamento baiano, atualmente \u00e9 l\u00edder do Governo Rui Costa, depois de passar pela presid\u00eancia da Comiss\u00e3o de Constitui\u00e7\u00e3o e Justi\u00e7a da Casa (CCJ), o mais importante colegiado da Alba. O deputado tamb\u00e9m \u00e9 membro titular da Comiss\u00e3o de Educa\u00e7\u00e3o, Cultura, Ci\u00eancia e Tecnologia e Servi\u00e7os P\u00fablicos.<\/span><\/span><\/strong><\/h3>\n","protected":false},"excerpt":{"rendered":"<p>&nbsp; Rosemberg tem favoritismo para seguir no Parlamento O deputado estadual petista Rosemberg Pinto\u00a0ter\u00e1\u00a0oficializada, neste s\u00e1bado (30), durante conven\u00e7\u00e3o\u00a0partid\u00e1ria, sua candidatura \u00e0 reelei\u00e7\u00e3o para a Assembleia Legislativa da Bahia. O parlamentar,\u00a0que\u00a0atualmente \u00e9 l\u00edder do Governo \/ Maioria na Casa,\u00a0disputar\u00e1 seu quarto pleito e, na \u00faltima elei\u00e7\u00e3o,\u00a0conquistou\u00a0aproximadamente 102 mil votos, sendo o mais votado do PT [&hellip;]<\/p>\n","protected":false},"author":992,"featured_media":165142,"comment_status":"open","ping_status":"open","sticky":false,"template":"","format":"standard","meta":{"footnotes":"","_links_to":"","_links_to_target":""},"categories":[14],"tags":[],"class_list":["post-165141","post","type-post","status-publish","format-standard","has-post-thumbnail","hentry","category-bahia-geral"],"views":623,"_links":{"self":[{"href":"https:\/\/www.politicosdosuldabahia.com.br\/v1\/wp-json\/wp\/v2\/posts\/165141"}],"collection":[{"href":"https:\/\/www.politicosdosuldabahia.com.br\/v1\/wp-json\/wp\/v2\/posts"}],"about":[{"href":"https:\/\/www.politicosdosuldabahia.com.br\/v1\/wp-json\/wp\/v2\/types\/post"}],"author":[{"embeddable":true,"href":"https:\/\/www.politicosdosuldabahia.com.br\/v1\/wp-json\/wp\/v2\/users\/992"}],"replies":[{"embeddable":true,"href":"https:\/\/www.politicosdosuldabahia.com.br\/v1\/wp-json\/wp\/v2\/comments?post=165141"}],"version-history":[{"count":1,"href":"https:\/\/www.politicosdosuldabahia.com.br\/v1\/wp-json\/wp\/v2\/posts\/165141\/revisions"}],"predecessor-version":[{"id":165143,"href":"https:\/\/www.politicosdosuldabahia.com.br\/v1\/wp-json\/wp\/v2\/posts\/165141\/revisions\/165143"}],"wp:featuredmedia":[{"embeddable":true,"href":"https:\/\/www.politicosdosuldabahia.com.br\/v1\/wp-json\/wp\/v2\/media\/165142"}],"wp:attachment":[{"href":"https:\/\/www.politicosdosuldabahia.com.br\/v1\/wp-json\/wp\/v2\/media?parent=165141"}],"wp:term":[{"taxonomy":"category","embeddable":true,"href":"https:\/\/www.politicosdosuldabahia.com.br\/v1\/wp-json\/wp\/v2\/categories?post=165141"},{"taxonomy":"post_tag","embeddable":true,"href":"https:\/\/www.politicosdosuldabahia.com.br\/v1\/wp-json\/wp\/v2\/tags?post=165141"}],"curies":[{"name":"wp","href":"https:\/\/api.w.org\/{rel}","templated":true}]}}