
{"id":164947,"date":"2022-07-22T13:06:03","date_gmt":"2022-07-22T16:06:03","guid":{"rendered":"http:\/\/www.politicosdosuldabahia.com.br\/v1\/?p=164947"},"modified":"2022-07-22T13:06:03","modified_gmt":"2022-07-22T16:06:03","slug":"pros-e-pmb-oficializam-apoio-a-joao-roma-e-dra-raissa","status":"publish","type":"post","link":"https:\/\/www.politicosdosuldabahia.com.br\/v1\/2022\/07\/22\/pros-e-pmb-oficializam-apoio-a-joao-roma-e-dra-raissa\/","title":{"rendered":"PROS E PMB OFICIALIZAM APOIO A JO\u00c3O ROMA E DRA. RA\u00cdSSA"},"content":{"rendered":"<h3 style=\"text-align: justify\"><img loading=\"lazy\" decoding=\"async\" class=\"wp-image-164949 aligncenter\" src=\"http:\/\/www.politicosdosuldabahia.com.br\/v1\/wp-content\/uploads\/2022\/07\/WhatsApp-Image-2022-07-22-at-08.04.00.jpeg\" alt=\"WhatsApp Image 2022-07-22 at 08.04.00\" width=\"455\" height=\"341\" srcset=\"https:\/\/www.politicosdosuldabahia.com.br\/v1\/wp-content\/uploads\/2022\/07\/WhatsApp-Image-2022-07-22-at-08.04.00.jpeg 1024w, https:\/\/www.politicosdosuldabahia.com.br\/v1\/wp-content\/uploads\/2022\/07\/WhatsApp-Image-2022-07-22-at-08.04.00-300x225.jpeg 300w, https:\/\/www.politicosdosuldabahia.com.br\/v1\/wp-content\/uploads\/2022\/07\/WhatsApp-Image-2022-07-22-at-08.04.00-768x576.jpeg 768w, https:\/\/www.politicosdosuldabahia.com.br\/v1\/wp-content\/uploads\/2022\/07\/WhatsApp-Image-2022-07-22-at-08.04.00-400x300.jpeg 400w\" sizes=\"(max-width: 455px) 100vw, 455px\" \/><\/h3>\n<h3 style=\"text-align: justify\">O PROS e o PMB est\u00e3o com Jo\u00e3o Roma, governador, e Dra. Ra\u00edssa, senadora. Os presidentes estaduais das duas legendas estar\u00e3o ratificando o apoio na Conven\u00e7\u00e3o Estadual do PL BAHIA, na Avenida Juracy Magalh\u00e3es Jr., 1338, antes do Mercado do Rio Vermelho (Ceasinha).<\/h3>\n<h3 style=\"text-align: justify\">O presidente do PL BAHIA, V\u00edtor Azevedo, abre a conven\u00e7\u00e3o logo mais \u00e0s 08:22 para oficializar a chapa majorit\u00e1ria com Jo\u00e3o Roma para o Governo da Bahia e Dra. Ra\u00edssa para o Senado, al\u00e9m de 40 candidaturas para deputado estadual e 30 para deputado federal.<\/h3>\n<h3 style=\"text-align: justify\">Durante o evento ser\u00e1 anunciado o nome do candidato ou candidata \u00e0 vice de Jo\u00e3o Roma. Toda a chapa majorit\u00e1ria estar\u00e1 \u00e0 disposi\u00e7\u00e3o da imprensa a partir das 10:00. Por volta de 11:30, come\u00e7am os discursos.<\/h3>\n","protected":false},"excerpt":{"rendered":"<p>O PROS e o PMB est\u00e3o com Jo\u00e3o Roma, governador, e Dra. Ra\u00edssa, senadora. Os presidentes estaduais das duas legendas estar\u00e3o ratificando o apoio na Conven\u00e7\u00e3o Estadual do PL BAHIA, na Avenida Juracy Magalh\u00e3es Jr., 1338, antes do Mercado do Rio Vermelho (Ceasinha). O presidente do PL BAHIA, V\u00edtor Azevedo, abre a conven\u00e7\u00e3o logo mais [&hellip;]<\/p>\n","protected":false},"author":992,"featured_media":164949,"comment_status":"open","ping_status":"open","sticky":false,"template":"","format":"standard","meta":{"footnotes":"","_links_to":"","_links_to_target":""},"categories":[14],"tags":[],"class_list":["post-164947","post","type-post","status-publish","format-standard","has-post-thumbnail","hentry","category-bahia-geral"],"views":615,"_links":{"self":[{"href":"https:\/\/www.politicosdosuldabahia.com.br\/v1\/wp-json\/wp\/v2\/posts\/164947"}],"collection":[{"href":"https:\/\/www.politicosdosuldabahia.com.br\/v1\/wp-json\/wp\/v2\/posts"}],"about":[{"href":"https:\/\/www.politicosdosuldabahia.com.br\/v1\/wp-json\/wp\/v2\/types\/post"}],"author":[{"embeddable":true,"href":"https:\/\/www.politicosdosuldabahia.com.br\/v1\/wp-json\/wp\/v2\/users\/992"}],"replies":[{"embeddable":true,"href":"https:\/\/www.politicosdosuldabahia.com.br\/v1\/wp-json\/wp\/v2\/comments?post=164947"}],"version-history":[{"count":1,"href":"https:\/\/www.politicosdosuldabahia.com.br\/v1\/wp-json\/wp\/v2\/posts\/164947\/revisions"}],"predecessor-version":[{"id":164950,"href":"https:\/\/www.politicosdosuldabahia.com.br\/v1\/wp-json\/wp\/v2\/posts\/164947\/revisions\/164950"}],"wp:featuredmedia":[{"embeddable":true,"href":"https:\/\/www.politicosdosuldabahia.com.br\/v1\/wp-json\/wp\/v2\/media\/164949"}],"wp:attachment":[{"href":"https:\/\/www.politicosdosuldabahia.com.br\/v1\/wp-json\/wp\/v2\/media?parent=164947"}],"wp:term":[{"taxonomy":"category","embeddable":true,"href":"https:\/\/www.politicosdosuldabahia.com.br\/v1\/wp-json\/wp\/v2\/categories?post=164947"},{"taxonomy":"post_tag","embeddable":true,"href":"https:\/\/www.politicosdosuldabahia.com.br\/v1\/wp-json\/wp\/v2\/tags?post=164947"}],"curies":[{"name":"wp","href":"https:\/\/api.w.org\/{rel}","templated":true}]}}