
{"id":164924,"date":"2022-07-21T13:06:44","date_gmt":"2022-07-21T16:06:44","guid":{"rendered":"http:\/\/www.politicosdosuldabahia.com.br\/v1\/?p=164924"},"modified":"2022-07-21T13:06:44","modified_gmt":"2022-07-21T16:06:44","slug":"fabio-vilas-boas-consolida-apoios-no-sul-da-bahia","status":"publish","type":"post","link":"https:\/\/www.politicosdosuldabahia.com.br\/v1\/2022\/07\/21\/fabio-vilas-boas-consolida-apoios-no-sul-da-bahia\/","title":{"rendered":"F\u00c1BIO VILAS-BOAS CONSOLIDA APOIOS NO SUL DA BAHIA"},"content":{"rendered":"<h3 style=\"text-align: justify\"><img loading=\"lazy\" decoding=\"async\" class=\"aligncenter wp-image-164925\" src=\"http:\/\/www.politicosdosuldabahia.com.br\/v1\/wp-content\/uploads\/2022\/07\/Sem-Titulo-1-1-838x720.png\" alt=\"Sem-Titulo-1-1-838x720\" width=\"455\" height=\"388\" \/><\/h3>\n<h3 style=\"text-align: justify\">Nas duas \u00faltimas semanas o ex-secret\u00e1rio da sa\u00fade da Bahia, F\u00e1bio Vilas-Boas, conquistou importantes apoios \u00e0 sua pr\u00e9-candidatura a Deputado Federal, na regi\u00e3o sul do estado. Ap\u00f3s se fazer acompanhar em festejos de Canavieiras por Almir Mello Jr, dessa vez Vilas-Boas foi apresentado ao meio pol\u00edtico local pelo casal Joanira Leite e Marcelo Almeida Cincur\u00e1, l\u00edderes da cidade vizinha de Una.<\/h3>\n<h3 style=\"text-align: justify\">A Dra. Joanira foi candidata a prefeita e Marcelo \u00e9 um grande e tradicional empres\u00e1rio da regi\u00e3o. No evento estiverem presentes ainda o Prefeito de Ilh\u00e9us, M\u00e1rio Alexandre e a primeira dama do munic\u00edpio Soane Galv\u00e3o, pr\u00e9 candidata a deputada estadual, tamb\u00e9m apoiada pelo casal anfitri\u00e3o de Una.<\/h3>\n","protected":false},"excerpt":{"rendered":"<p>Nas duas \u00faltimas semanas o ex-secret\u00e1rio da sa\u00fade da Bahia, F\u00e1bio Vilas-Boas, conquistou importantes apoios \u00e0 sua pr\u00e9-candidatura a Deputado Federal, na regi\u00e3o sul do estado. Ap\u00f3s se fazer acompanhar em festejos de Canavieiras por Almir Mello Jr, dessa vez Vilas-Boas foi apresentado ao meio pol\u00edtico local pelo casal Joanira Leite e Marcelo Almeida Cincur\u00e1, [&hellip;]<\/p>\n","protected":false},"author":992,"featured_media":164925,"comment_status":"open","ping_status":"open","sticky":false,"template":"","format":"standard","meta":{"footnotes":"","_links_to":"","_links_to_target":""},"categories":[14],"tags":[],"class_list":["post-164924","post","type-post","status-publish","format-standard","has-post-thumbnail","hentry","category-bahia-geral"],"views":711,"_links":{"self":[{"href":"https:\/\/www.politicosdosuldabahia.com.br\/v1\/wp-json\/wp\/v2\/posts\/164924"}],"collection":[{"href":"https:\/\/www.politicosdosuldabahia.com.br\/v1\/wp-json\/wp\/v2\/posts"}],"about":[{"href":"https:\/\/www.politicosdosuldabahia.com.br\/v1\/wp-json\/wp\/v2\/types\/post"}],"author":[{"embeddable":true,"href":"https:\/\/www.politicosdosuldabahia.com.br\/v1\/wp-json\/wp\/v2\/users\/992"}],"replies":[{"embeddable":true,"href":"https:\/\/www.politicosdosuldabahia.com.br\/v1\/wp-json\/wp\/v2\/comments?post=164924"}],"version-history":[{"count":1,"href":"https:\/\/www.politicosdosuldabahia.com.br\/v1\/wp-json\/wp\/v2\/posts\/164924\/revisions"}],"predecessor-version":[{"id":164926,"href":"https:\/\/www.politicosdosuldabahia.com.br\/v1\/wp-json\/wp\/v2\/posts\/164924\/revisions\/164926"}],"wp:featuredmedia":[{"embeddable":true,"href":"https:\/\/www.politicosdosuldabahia.com.br\/v1\/wp-json\/wp\/v2\/media\/164925"}],"wp:attachment":[{"href":"https:\/\/www.politicosdosuldabahia.com.br\/v1\/wp-json\/wp\/v2\/media?parent=164924"}],"wp:term":[{"taxonomy":"category","embeddable":true,"href":"https:\/\/www.politicosdosuldabahia.com.br\/v1\/wp-json\/wp\/v2\/categories?post=164924"},{"taxonomy":"post_tag","embeddable":true,"href":"https:\/\/www.politicosdosuldabahia.com.br\/v1\/wp-json\/wp\/v2\/tags?post=164924"}],"curies":[{"name":"wp","href":"https:\/\/api.w.org\/{rel}","templated":true}]}}