
{"id":164651,"date":"2022-07-14T11:43:24","date_gmt":"2022-07-14T14:43:24","guid":{"rendered":"http:\/\/www.politicosdosuldabahia.com.br\/v1\/?p=164651"},"modified":"2022-07-14T11:43:24","modified_gmt":"2022-07-14T14:43:24","slug":"salvador-jeronimo-geraldo-e-otto-participam-de-esquenta-pgp","status":"publish","type":"post","link":"https:\/\/www.politicosdosuldabahia.com.br\/v1\/2022\/07\/14\/salvador-jeronimo-geraldo-e-otto-participam-de-esquenta-pgp\/","title":{"rendered":"SALVADOR: JER\u00d4NIMO, GERALDO E OTTO PARTICIPAM DE ESQUENTA PGP"},"content":{"rendered":"<h3 style=\"text-align: justify\"><img loading=\"lazy\" decoding=\"async\" class=\"wp-image-164653 aligncenter\" src=\"http:\/\/www.politicosdosuldabahia.com.br\/v1\/wp-content\/uploads\/2022\/07\/WhatsApp-Image-2022-07-14-at-11.39.50.jpeg\" alt=\"WhatsApp Image 2022-07-14 at 11.39.50\" width=\"455\" height=\"303\" \/><\/h3>\n<h3 style=\"text-align: justify\">Os pr\u00e9-candidatos a governador pelo PT, Jer\u00f4nimo Rodrigues, a vice-governador, Geraldo J\u00fanior (MDB), e a senador, Otto Alencar (PSD), participam de mais uma edi\u00e7\u00e3o do Esquenta PGP, em Salvador, \u00e0s 18h desta quinta-feira (14). O encontro faz parte da estrat\u00e9gia de escuta popular do time de Lula na Bahia para construir um Programa de Governo que atenda \u00e0s principais demandas dos baianos e baianas.<\/h3>\n<h3 style=\"text-align: justify\">O evento desta quinta ser\u00e1 na espa\u00e7o Quinta da Madragoa, localizado no Largo da Madragoa, no bairro da Ribeira. Durante a conversa com os moradores da Cidade Baixa, os pr\u00e9-candidatos, que tamb\u00e9m t\u00eam o apoio do governador Rui Costa e do senador Jaques Wagner, devem indicar suas prioridades para a regi\u00e3o a partir de 2023.<\/h3>\n","protected":false},"excerpt":{"rendered":"<p>Os pr\u00e9-candidatos a governador pelo PT, Jer\u00f4nimo Rodrigues, a vice-governador, Geraldo J\u00fanior (MDB), e a senador, Otto Alencar (PSD), participam de mais uma edi\u00e7\u00e3o do Esquenta PGP, em Salvador, \u00e0s 18h desta quinta-feira (14). O encontro faz parte da estrat\u00e9gia de escuta popular do time de Lula na Bahia para construir um Programa de Governo [&hellip;]<\/p>\n","protected":false},"author":992,"featured_media":164653,"comment_status":"open","ping_status":"open","sticky":false,"template":"","format":"standard","meta":{"footnotes":"","_links_to":"","_links_to_target":""},"categories":[14],"tags":[],"class_list":["post-164651","post","type-post","status-publish","format-standard","has-post-thumbnail","hentry","category-bahia-geral"],"views":609,"_links":{"self":[{"href":"https:\/\/www.politicosdosuldabahia.com.br\/v1\/wp-json\/wp\/v2\/posts\/164651"}],"collection":[{"href":"https:\/\/www.politicosdosuldabahia.com.br\/v1\/wp-json\/wp\/v2\/posts"}],"about":[{"href":"https:\/\/www.politicosdosuldabahia.com.br\/v1\/wp-json\/wp\/v2\/types\/post"}],"author":[{"embeddable":true,"href":"https:\/\/www.politicosdosuldabahia.com.br\/v1\/wp-json\/wp\/v2\/users\/992"}],"replies":[{"embeddable":true,"href":"https:\/\/www.politicosdosuldabahia.com.br\/v1\/wp-json\/wp\/v2\/comments?post=164651"}],"version-history":[{"count":2,"href":"https:\/\/www.politicosdosuldabahia.com.br\/v1\/wp-json\/wp\/v2\/posts\/164651\/revisions"}],"predecessor-version":[{"id":164654,"href":"https:\/\/www.politicosdosuldabahia.com.br\/v1\/wp-json\/wp\/v2\/posts\/164651\/revisions\/164654"}],"wp:featuredmedia":[{"embeddable":true,"href":"https:\/\/www.politicosdosuldabahia.com.br\/v1\/wp-json\/wp\/v2\/media\/164653"}],"wp:attachment":[{"href":"https:\/\/www.politicosdosuldabahia.com.br\/v1\/wp-json\/wp\/v2\/media?parent=164651"}],"wp:term":[{"taxonomy":"category","embeddable":true,"href":"https:\/\/www.politicosdosuldabahia.com.br\/v1\/wp-json\/wp\/v2\/categories?post=164651"},{"taxonomy":"post_tag","embeddable":true,"href":"https:\/\/www.politicosdosuldabahia.com.br\/v1\/wp-json\/wp\/v2\/tags?post=164651"}],"curies":[{"name":"wp","href":"https:\/\/api.w.org\/{rel}","templated":true}]}}