
{"id":164618,"date":"2022-07-14T09:58:37","date_gmt":"2022-07-14T12:58:37","guid":{"rendered":"http:\/\/www.politicosdosuldabahia.com.br\/v1\/?p=164618"},"modified":"2022-07-14T09:58:37","modified_gmt":"2022-07-14T12:58:37","slug":"bahia-reuniao-promovida-pela-upb-reforca-a-forca-da-mulher-na-politica","status":"publish","type":"post","link":"https:\/\/www.politicosdosuldabahia.com.br\/v1\/2022\/07\/14\/bahia-reuniao-promovida-pela-upb-reforca-a-forca-da-mulher-na-politica\/","title":{"rendered":"BAHIA: REUNI\u00c3O PROMOVIDA PELA UPB REFOR\u00c7A A FOR\u00c7A DA MULHER NA POL\u00cdTICA"},"content":{"rendered":"<h3 style=\"font-weight: 400;text-align: justify\"><img loading=\"lazy\" decoding=\"async\" class=\"size-full wp-image-164619 aligncenter\" src=\"http:\/\/www.politicosdosuldabahia.com.br\/v1\/wp-content\/uploads\/2022\/07\/EventoPrefeitaseViceUPB.jpg\" alt=\"EventoPrefeitaseViceUPB\" width=\"455\" height=\"303\" srcset=\"https:\/\/www.politicosdosuldabahia.com.br\/v1\/wp-content\/uploads\/2022\/07\/EventoPrefeitaseViceUPB.jpg 455w, https:\/\/www.politicosdosuldabahia.com.br\/v1\/wp-content\/uploads\/2022\/07\/EventoPrefeitaseViceUPB-300x200.jpg 300w\" sizes=\"(max-width: 455px) 100vw, 455px\" \/><\/h3>\n<h4 style=\"font-weight: 400;text-align: center\"><strong>Evento reuniu prefeitas, vice-prefeitas, vereadoras e secret\u00e1rias municipais<\/strong><\/h4>\n<h3 style=\"font-weight: 400;text-align: justify\">Gestoras que s\u00e3o exemplos da representatividade e for\u00e7a da mulher na pol\u00edtica participaram nesta quarta-feira (13) da Reuni\u00e3o de Prefeitas e Vice-Prefeitas da Bahia. O evento, que far\u00e1 parte do calend\u00e1rio anual da Uni\u00e3o dos Munic\u00edpios da Bahia (UPB), aconteceu na sede da entidade em Salvador, e contou com a presen\u00e7a de mais de 100 mulheres. As gestoras foram un\u00e2nimes em classificar a iniciativa da UPB como um fato marcante na entidade, que se compromete a contribuir com a luta pela igualdade de g\u00eanero e pela amplia\u00e7\u00e3o da presen\u00e7a das mulheres na pol\u00edtica. Dos 417 munic\u00edpios baianos, 25% das gest\u00f5es t\u00eam presen\u00e7a feminina, sendo 53 prefeitas e 59 vice-prefeitas.<\/h3>\n<h3 style=\"font-weight: 400;text-align: justify\">O presidente da UPB, Z\u00e9 Coc\u00e1, refor\u00e7ou por meio de mensagem em v\u00eddeo que pol\u00edtica \u00e9 lugar de mulher e que \u00e9 papel da institui\u00e7\u00e3o estimular e apoiar as gest\u00f5es administradas por elas. \u201cEsse encontro marca a for\u00e7a da mulher na pol\u00edtica. \u00c9 extremamente importante a uni\u00e3o de voc\u00eas para que a gente debata pol\u00edtica p\u00fablica com representatividade\u201d, ressaltou.<\/h3>\n<h3 style=\"font-weight: 400;text-align: justify\">Em seu quinto mandato eletivo, a prefeita de Mucug\u00ea, Ana Medrado, ressaltou que as mulheres precisam ocupar mais cargos p\u00fablicos, para assim promover mudan\u00e7as na sociedade. Ao apresentar junto com o SENAC Bahia o painel \u201cFomento ao Empreendedorismo Feminino e seus Benef\u00edcios para os Munic\u00edpios\u201d, Ana Medrado falou da experi\u00eancia de Mucug\u00ea e estimulou as colegas a criar pol\u00edticas p\u00fablicas de capacita\u00e7\u00e3o de m\u00e3o de obra e est\u00edmulo ao turismo para fortalecer os neg\u00f3cios comandados por mulheres. \u201cEsse encontro \u00e9 muito importante para que tenhamos o nosso momento de troca, para analisarmos e conversarmos sobre nossas dificuldades e tamb\u00e9m dividir boas experi\u00eancias aplicadas nos munic\u00edpios, sabendo que podemos contar umas com outras\u201d, pontuou.<\/h3>\n<h3 style=\"font-weight: 400;text-align: justify\">As prefeitas de Cachoeira, Eliana Gonzaga, e a de Nilo Pe\u00e7anha, Jaqueline Soares, compartilharam da ideia de que \u00e9 uma luta di\u00e1ria e permanente ser mulher e ocupar espa\u00e7os de poder. \u201cO mais dif\u00edcil n\u00e3o \u00e9 vencer uma elei\u00e7\u00e3o, o dif\u00edcil \u00e9 se manter no cargo em uma sociedade machista que tenta o tempo inteiro nos desqualificar\u201d, pontuou a prefeita de Cachoeira, primeira mulher e negra eleita para o cargo.\u00a0 \u201cPrecisamos mudar essa realidade e eu acredito que n\u00f3s juntas continuaremos buscando realmente o nosso papel na sociedade. As mulheres precisam protagonizar suas vidas\u201d, afirmou Jaqueline. A prefeita de Nilo Pe\u00e7anha, que tamb\u00e9m \u00e9 enfermeira, usou sua fala para repudiar o caso recente envolvendo um anestesista que estuprava mulheres na sala de cirurgia durante o parto. &#8220;\u00c9 inaceit\u00e1vel que a mulher seja violada at\u00e9 em um momento t\u00e3o sublime de dar a luz a uma vida&#8221;.<\/h3>\n<h3 style=\"font-weight: 400;text-align: justify\"><strong>Pol\u00edtica \u00e9 lugar de mulher<\/strong><\/h3>\n<h3 style=\"font-weight: 400;text-align: justify\">Presente ao evento, a vice-prefeita de Salvador, Ana Paula Matos, criticou o baixo n\u00famero de mulheres \u00e0 frente das administra\u00e7\u00f5es municipais. \u201cSomos apenas 12% de mulheres prefeitas e se somadas \u00e0s vice-prefeitas estamos em apenas 25% das gest\u00f5es municipais na Bahia. Esses dados mostram o quanto \u00e9 importante a mulher participar mais da pol\u00edtica, \u00e9 fundamental. N\u00f3s estudamos, nos preparamos, n\u00f3s temos capacidade, somos n\u00f3s quem representamos a maioria na sociedade. Como podemos ser maioria na popula\u00e7\u00e3o e estarmos com essa representatividade t\u00e3o baixa?\u201d, disse.<\/h3>\n<h3 style=\"font-weight: 400;text-align: justify\">Tamb\u00e9m presente na reuni\u00e3o, a vice-prefeita de Nova Cana\u00e3, Eliana Matos, afirmou que \u00e9 preciso que as mulheres se fortale\u00e7am e criem la\u00e7os de amizades para apoiar uma a outra. \u201cSabemos que ocupar cargos pol\u00edticos sendo mulher \u00e9 muito complicado. Mas creio que juntas vamos mudar essa realidade\u201d, declarou.<\/h3>\n<h3 style=\"font-weight: 400;text-align: justify\">\u00a0O evento contou ainda com dois pain\u00e9is, o primeiro debateu a For\u00e7a da Mulher na Pol\u00edtica e o segundo painel, realizado em parceria com o SENAC, abordou o \u201cFomento ao Empreendedorismo Feminino e seus Benef\u00edcios para os Munic\u00edpios\u201d, que teve o objetivo de mostrar a import\u00e2ncia em capacitar a popula\u00e7\u00e3o e incentivar o empreendedorismo feminino, como forma de prover o crescimento e desenvolvimento econ\u00f4mico de todo o munic\u00edpio.<\/h3>\n<h3 style=\"font-weight: 400;text-align: justify\"><strong>Painel &#8220;A For\u00e7a da Mulher na Pol\u00edtica&#8221;<\/strong><\/h3>\n<h3 style=\"font-weight: 400;text-align: justify\">Com a reflex\u00e3o sobre porque mulheres s\u00e3o necess\u00e1rias na pol\u00edtica, a escritora Cl\u00e1udia Faria Barbosa iniciou o primeiro painel destacando que o grande desafio do s\u00e9culo XXI \u00e9 superar a desigualdade de g\u00eanero. \u201cPrecisamos enfrentar esse mundo que ainda \u00e9 dos homens. A matriz da cidadania deixou de falar das mulheres. Vamos refletir sobre a responsabilidade de cada uma de voc\u00eas, mesmo as que n\u00e3o s\u00e3o eleitas, mas s\u00e3o pol\u00edticas nas secretarias municipais, no trabalho ou em casa. Na pol\u00edtica temos que ser do jeito que podemos, desde que com respeito e inten\u00e7\u00e3o de melhorar a vida das pessoas. Demoramos para descobrir, mas \u00e9 a diversidade que move o mundo\u201d, afirmou ela que \u00e9 tamb\u00e9m autora do livro \u201cAs mulheres na pol\u00edtica local: entre as esferas p\u00fablica e privada\u201d.<\/h3>\n","protected":false},"excerpt":{"rendered":"<p>Evento reuniu prefeitas, vice-prefeitas, vereadoras e secret\u00e1rias municipais Gestoras que s\u00e3o exemplos da representatividade e for\u00e7a da mulher na pol\u00edtica participaram nesta quarta-feira (13) da Reuni\u00e3o de Prefeitas e Vice-Prefeitas da Bahia. O evento, que far\u00e1 parte do calend\u00e1rio anual da Uni\u00e3o dos Munic\u00edpios da Bahia (UPB), aconteceu na sede da entidade em Salvador, e [&hellip;]<\/p>\n","protected":false},"author":992,"featured_media":164619,"comment_status":"open","ping_status":"open","sticky":false,"template":"","format":"standard","meta":{"footnotes":"","_links_to":"","_links_to_target":""},"categories":[14],"tags":[],"class_list":["post-164618","post","type-post","status-publish","format-standard","has-post-thumbnail","hentry","category-bahia-geral"],"views":483,"_links":{"self":[{"href":"https:\/\/www.politicosdosuldabahia.com.br\/v1\/wp-json\/wp\/v2\/posts\/164618"}],"collection":[{"href":"https:\/\/www.politicosdosuldabahia.com.br\/v1\/wp-json\/wp\/v2\/posts"}],"about":[{"href":"https:\/\/www.politicosdosuldabahia.com.br\/v1\/wp-json\/wp\/v2\/types\/post"}],"author":[{"embeddable":true,"href":"https:\/\/www.politicosdosuldabahia.com.br\/v1\/wp-json\/wp\/v2\/users\/992"}],"replies":[{"embeddable":true,"href":"https:\/\/www.politicosdosuldabahia.com.br\/v1\/wp-json\/wp\/v2\/comments?post=164618"}],"version-history":[{"count":1,"href":"https:\/\/www.politicosdosuldabahia.com.br\/v1\/wp-json\/wp\/v2\/posts\/164618\/revisions"}],"predecessor-version":[{"id":164620,"href":"https:\/\/www.politicosdosuldabahia.com.br\/v1\/wp-json\/wp\/v2\/posts\/164618\/revisions\/164620"}],"wp:featuredmedia":[{"embeddable":true,"href":"https:\/\/www.politicosdosuldabahia.com.br\/v1\/wp-json\/wp\/v2\/media\/164619"}],"wp:attachment":[{"href":"https:\/\/www.politicosdosuldabahia.com.br\/v1\/wp-json\/wp\/v2\/media?parent=164618"}],"wp:term":[{"taxonomy":"category","embeddable":true,"href":"https:\/\/www.politicosdosuldabahia.com.br\/v1\/wp-json\/wp\/v2\/categories?post=164618"},{"taxonomy":"post_tag","embeddable":true,"href":"https:\/\/www.politicosdosuldabahia.com.br\/v1\/wp-json\/wp\/v2\/tags?post=164618"}],"curies":[{"name":"wp","href":"https:\/\/api.w.org\/{rel}","templated":true}]}}