
{"id":164394,"date":"2022-07-08T18:01:59","date_gmt":"2022-07-08T21:01:59","guid":{"rendered":"http:\/\/www.politicosdosuldabahia.com.br\/v1\/?p=164394"},"modified":"2022-07-08T18:01:59","modified_gmt":"2022-07-08T21:01:59","slug":"bahia-fecha-semestre-com-recorde-nas-exportacoes","status":"publish","type":"post","link":"https:\/\/www.politicosdosuldabahia.com.br\/v1\/2022\/07\/08\/bahia-fecha-semestre-com-recorde-nas-exportacoes\/","title":{"rendered":"BAHIA FECHA SEMESTRE COM RECORDE NAS EXPORTA\u00c7\u00d5ES"},"content":{"rendered":"<p><strong><\/strong><\/p>\n<h3 style=\"text-align: justify\"><b><\/b>As exporta\u00e7\u00f5es baianas terminaram o primeiro semestre com n\u00fameros recordes. As vendas externas do per\u00edodo atingiram US$ 6,58 bilh\u00f5es, 48,4% a mais do que em igual per\u00edodo do ano anterior, al\u00e9m de alcan\u00e7ar o recorde para o per\u00edodo na s\u00e9rie hist\u00f3rica iniciada em 1997. As informa\u00e7\u00f5es foram analisadas pela Superintend\u00eancia de Estudos Econ\u00f4micos e Sociais da Bahia (SEI), autarquia vinculada \u00e0 Secretaria de Planejamento (Seplan).<\/h3>\n<div dir=\"ltr\">\n<h3 style=\"text-align: justify\">Os pre\u00e7os continuaram em junho como no semestre, comandando o desempenho do com\u00e9rcio exterior baiano com contribui\u00e7\u00e3o determinante para a alta do valor tanto das exporta\u00e7\u00f5es como das importa\u00e7\u00f5es. Em junho, nas exporta\u00e7\u00f5es, o aumento m\u00e9dio dos pre\u00e7os chegou a 25% contra uma queda de 1,13% no volume embarcado. Por conta da alta de pre\u00e7os, as receitas totais do m\u00eas fecharam com crescimento de 23,4% na compara\u00e7\u00e3o interanual.<\/h3>\n<h3 style=\"text-align: justify\">Nas importa\u00e7\u00f5es, os pre\u00e7os m\u00e9dios no m\u00eas passado subiram 32,4%, enquanto que o volume desembarcado caiu 22,8%. Ainda assim, no total das compras externas do m\u00eas de junho, houve crescimento de 2,24% comparado a igual m\u00eas de 2021. No semestre a alta das importa\u00e7\u00f5es acumula 51,9%.<\/h3>\n<h3 style=\"text-align: justify\">Itens importantes exportados da pauta baiana, em fun\u00e7\u00e3o da desacelera\u00e7\u00e3o global, j\u00e1 come\u00e7am a devolver parte da alta de pre\u00e7os observada no decorrer do ano passado. Na exporta\u00e7\u00e3o baiana, o grande efeito nesse sentido veio da soja e derivados, cuja receita de exporta\u00e7\u00e3o caiu 2,82% em junho contra igual m\u00eas do ano passado. Houve queda de 23,7% na quantidade embarcada, ainda que os pre\u00e7os m\u00e9dios do setor tenham sido positivos em 27,4% na compara\u00e7\u00e3o interanual, mas bem abaixo do aumento m\u00e9dio verificado em maio que foi de 43,6%.<\/h3>\n<h3 style=\"text-align: justify\">Isso contribuiu para a queda de 41,6% nas exporta\u00e7\u00f5es para a China em junho contra igual m\u00eas de 2021. Com o desempenho, o pa\u00eds asi\u00e1tico absorveu 20,3% dos valores exportados pela Bahia em junho deste ano, muito abaixo da m\u00e9dia dos \u00faltimos anos que fica entre 28% a 30% de participa\u00e7\u00e3o.<\/h3>\n<h3 style=\"text-align: justify\">Em rela\u00e7\u00e3o ao desempenho por setor, os valores totais das exporta\u00e7\u00f5es agropecu\u00e1rias ficaram est\u00e1veis em junho crescendo 0,30% em rela\u00e7\u00e3o a mesmo m\u00eas de 2021, enquanto as vendas da ind\u00fastria de transforma\u00e7\u00e3o subiram 74,4%, puxadas principalmente pelo refino (derivados de petr\u00f3leo) que registrou aumento das vendas em 650% na compara\u00e7\u00e3o interanual. As vendas da ind\u00fastria extrativa, por sua vez, recuaram 51% no per\u00edodo<\/h3>\n<\/div>\n","protected":false},"excerpt":{"rendered":"<p>As exporta\u00e7\u00f5es baianas terminaram o primeiro semestre com n\u00fameros recordes. As vendas externas do per\u00edodo atingiram US$ 6,58 bilh\u00f5es, 48,4% a mais do que em igual per\u00edodo do ano anterior, al\u00e9m de alcan\u00e7ar o recorde para o per\u00edodo na s\u00e9rie hist\u00f3rica iniciada em 1997. As informa\u00e7\u00f5es foram analisadas pela Superintend\u00eancia de Estudos Econ\u00f4micos e Sociais [&hellip;]<\/p>\n","protected":false},"author":992,"featured_media":0,"comment_status":"open","ping_status":"open","sticky":false,"template":"","format":"standard","meta":{"footnotes":"","_links_to":"","_links_to_target":""},"categories":[14],"tags":[],"class_list":["post-164394","post","type-post","status-publish","format-standard","hentry","category-bahia-geral"],"views":560,"_links":{"self":[{"href":"https:\/\/www.politicosdosuldabahia.com.br\/v1\/wp-json\/wp\/v2\/posts\/164394"}],"collection":[{"href":"https:\/\/www.politicosdosuldabahia.com.br\/v1\/wp-json\/wp\/v2\/posts"}],"about":[{"href":"https:\/\/www.politicosdosuldabahia.com.br\/v1\/wp-json\/wp\/v2\/types\/post"}],"author":[{"embeddable":true,"href":"https:\/\/www.politicosdosuldabahia.com.br\/v1\/wp-json\/wp\/v2\/users\/992"}],"replies":[{"embeddable":true,"href":"https:\/\/www.politicosdosuldabahia.com.br\/v1\/wp-json\/wp\/v2\/comments?post=164394"}],"version-history":[{"count":1,"href":"https:\/\/www.politicosdosuldabahia.com.br\/v1\/wp-json\/wp\/v2\/posts\/164394\/revisions"}],"predecessor-version":[{"id":164395,"href":"https:\/\/www.politicosdosuldabahia.com.br\/v1\/wp-json\/wp\/v2\/posts\/164394\/revisions\/164395"}],"wp:attachment":[{"href":"https:\/\/www.politicosdosuldabahia.com.br\/v1\/wp-json\/wp\/v2\/media?parent=164394"}],"wp:term":[{"taxonomy":"category","embeddable":true,"href":"https:\/\/www.politicosdosuldabahia.com.br\/v1\/wp-json\/wp\/v2\/categories?post=164394"},{"taxonomy":"post_tag","embeddable":true,"href":"https:\/\/www.politicosdosuldabahia.com.br\/v1\/wp-json\/wp\/v2\/tags?post=164394"}],"curies":[{"name":"wp","href":"https:\/\/api.w.org\/{rel}","templated":true}]}}