
{"id":163991,"date":"2022-06-28T09:14:37","date_gmt":"2022-06-28T12:14:37","guid":{"rendered":"http:\/\/www.politicosdosuldabahia.com.br\/v1\/?p=163991"},"modified":"2022-06-28T09:16:29","modified_gmt":"2022-06-28T12:16:29","slug":"itarantim-depois-de-festa-coronavirus-volta-forte","status":"publish","type":"post","link":"https:\/\/www.politicosdosuldabahia.com.br\/v1\/2022\/06\/28\/itarantim-depois-de-festa-coronavirus-volta-forte\/","title":{"rendered":"ITARANTIM:  DEPOIS DE FESTA, CORONAV\u00cdRUS VOLTA FORTE"},"content":{"rendered":"<p><a href=\"http:\/\/www.politicosdosuldabahia.com.br\/v1\/2022\/06\/28\/itarantim-depois-de-festa-coronavirus-volta-forte\/itarantim-8\/\" rel=\"attachment wp-att-163992\"><img loading=\"lazy\" decoding=\"async\" class=\"aligncenter size-full wp-image-163992\" src=\"http:\/\/www.politicosdosuldabahia.com.br\/v1\/wp-content\/uploads\/2022\/06\/itarantim.jpg\" alt=\"itarantim\" width=\"590\" height=\"327\" srcset=\"https:\/\/www.politicosdosuldabahia.com.br\/v1\/wp-content\/uploads\/2022\/06\/itarantim.jpg 590w, https:\/\/www.politicosdosuldabahia.com.br\/v1\/wp-content\/uploads\/2022\/06\/itarantim-300x166.jpg 300w\" sizes=\"(max-width: 590px) 100vw, 590px\" \/><\/a><\/p>\n<h3 style=\"text-align: justify;\">O munic\u00edpio de Itarantim realizou uma grande festa junina com mais de 10 dias de festa. A cidade recebeu p\u00fablico de outras cidades e a festa foi considerada um grande sucesso.<\/h3>\n<h3 style=\"text-align: justify;\">Mas o p\u00f3s festa come\u00e7ou com a Secretaria Municipal de Sa\u00fade divulgando o Boletim do Covid-19. Segundo a informa\u00e7\u00e3o, nesta segunda-feira (27), 22 casos confirmados. Vale lembrar que antes da festa, o munic\u00edpio estava com casos zerados.<\/h3>\n","protected":false},"excerpt":{"rendered":"<p>O munic\u00edpio de Itarantim realizou uma grande festa junina com mais de 10 dias de festa. A cidade recebeu p\u00fablico de outras cidades e a festa foi considerada um grande sucesso. Mas o p\u00f3s festa come\u00e7ou com a Secretaria Municipal de Sa\u00fade divulgando o Boletim do Covid-19. Segundo a informa\u00e7\u00e3o, nesta segunda-feira (27), 22 casos [&hellip;]<\/p>\n","protected":false},"author":2,"featured_media":163992,"comment_status":"open","ping_status":"open","sticky":false,"template":"","format":"standard","meta":{"footnotes":"","_links_to":"","_links_to_target":""},"categories":[1],"tags":[],"class_list":["post-163991","post","type-post","status-publish","format-standard","has-post-thumbnail","hentry","category-geral"],"views":1306,"_links":{"self":[{"href":"https:\/\/www.politicosdosuldabahia.com.br\/v1\/wp-json\/wp\/v2\/posts\/163991"}],"collection":[{"href":"https:\/\/www.politicosdosuldabahia.com.br\/v1\/wp-json\/wp\/v2\/posts"}],"about":[{"href":"https:\/\/www.politicosdosuldabahia.com.br\/v1\/wp-json\/wp\/v2\/types\/post"}],"author":[{"embeddable":true,"href":"https:\/\/www.politicosdosuldabahia.com.br\/v1\/wp-json\/wp\/v2\/users\/2"}],"replies":[{"embeddable":true,"href":"https:\/\/www.politicosdosuldabahia.com.br\/v1\/wp-json\/wp\/v2\/comments?post=163991"}],"version-history":[{"count":4,"href":"https:\/\/www.politicosdosuldabahia.com.br\/v1\/wp-json\/wp\/v2\/posts\/163991\/revisions"}],"predecessor-version":[{"id":163996,"href":"https:\/\/www.politicosdosuldabahia.com.br\/v1\/wp-json\/wp\/v2\/posts\/163991\/revisions\/163996"}],"wp:featuredmedia":[{"embeddable":true,"href":"https:\/\/www.politicosdosuldabahia.com.br\/v1\/wp-json\/wp\/v2\/media\/163992"}],"wp:attachment":[{"href":"https:\/\/www.politicosdosuldabahia.com.br\/v1\/wp-json\/wp\/v2\/media?parent=163991"}],"wp:term":[{"taxonomy":"category","embeddable":true,"href":"https:\/\/www.politicosdosuldabahia.com.br\/v1\/wp-json\/wp\/v2\/categories?post=163991"},{"taxonomy":"post_tag","embeddable":true,"href":"https:\/\/www.politicosdosuldabahia.com.br\/v1\/wp-json\/wp\/v2\/tags?post=163991"}],"curies":[{"name":"wp","href":"https:\/\/api.w.org\/{rel}","templated":true}]}}