
{"id":163904,"date":"2022-06-25T10:27:24","date_gmt":"2022-06-25T13:27:24","guid":{"rendered":"http:\/\/www.politicosdosuldabahia.com.br\/v1\/?p=163904"},"modified":"2022-06-25T10:27:25","modified_gmt":"2022-06-25T13:27:25","slug":"salvador-bruno-reis-passa-feriado-de-sao-joao-no-sul-da-bahia","status":"publish","type":"post","link":"https:\/\/www.politicosdosuldabahia.com.br\/v1\/2022\/06\/25\/salvador-bruno-reis-passa-feriado-de-sao-joao-no-sul-da-bahia\/","title":{"rendered":"SALVADOR: BRUNO REIS PASSA FERIADO DE S\u00c3O JO\u00c3O NO SUL DA  BAHIA"},"content":{"rendered":"<p><a href=\"http:\/\/www.politicosdosuldabahia.com.br\/v1\/2022\/06\/25\/salvador-bruno-reis-passa-feriado-de-sao-joao-no-sul-da-bahia\/brrr\/\" rel=\"attachment wp-att-163905\"><img loading=\"lazy\" decoding=\"async\" class=\"aligncenter size-full wp-image-163905\" src=\"http:\/\/www.politicosdosuldabahia.com.br\/v1\/wp-content\/uploads\/2022\/06\/brrr.jpg\" alt=\"brrr\" width=\"450\" height=\"436\" srcset=\"https:\/\/www.politicosdosuldabahia.com.br\/v1\/wp-content\/uploads\/2022\/06\/brrr.jpg 450w, https:\/\/www.politicosdosuldabahia.com.br\/v1\/wp-content\/uploads\/2022\/06\/brrr-300x291.jpg 300w\" sizes=\"(max-width: 450px) 100vw, 450px\" \/><\/a><\/p>\n<h3 style=\"text-align: justify;\">O prefeito de Salvador, Bruno Reis (UB), passou o feriado de S\u00e3o Jo\u00e3o no sul da Bahia. Ele esteve em uma\u00a0 fazenda no municipio de\u00a0 Santa Cruz da Vit\u00f3ria e acabou se reunindo com o ex-prefeito Carlos Andr\u00e9 (PTC).<\/h3>\n<h3 style=\"text-align: justify;\">Bruno Reis poder\u00e1 se reunir com alguns pol\u00edticos da regi\u00e3o com objetivo de tratar sobre o apoio a pr\u00e9-candidatura de ACM Neto.<\/h3>\n<h3 style=\"text-align: justify;\">A expectativa \u00e9 que Bruno Reis continue na regi\u00e3o at\u00e9 o domingo. Neste s\u00e1bado ele poder\u00e1 prestigiar a tradicional festa de camisa Ticomia, em Ibicu\u00ed.<\/h3>\n","protected":false},"excerpt":{"rendered":"<p>O prefeito de Salvador, Bruno Reis (UB), passou o feriado de S\u00e3o Jo\u00e3o no sul da Bahia. Ele esteve em uma\u00a0 fazenda no municipio de\u00a0 Santa Cruz da Vit\u00f3ria e acabou se reunindo com o ex-prefeito Carlos Andr\u00e9 (PTC). Bruno Reis poder\u00e1 se reunir com alguns pol\u00edticos da regi\u00e3o com objetivo de tratar sobre o [&hellip;]<\/p>\n","protected":false},"author":2,"featured_media":163905,"comment_status":"open","ping_status":"open","sticky":false,"template":"","format":"standard","meta":{"footnotes":"","_links_to":"","_links_to_target":""},"categories":[1],"tags":[],"class_list":["post-163904","post","type-post","status-publish","format-standard","has-post-thumbnail","hentry","category-geral"],"views":758,"_links":{"self":[{"href":"https:\/\/www.politicosdosuldabahia.com.br\/v1\/wp-json\/wp\/v2\/posts\/163904"}],"collection":[{"href":"https:\/\/www.politicosdosuldabahia.com.br\/v1\/wp-json\/wp\/v2\/posts"}],"about":[{"href":"https:\/\/www.politicosdosuldabahia.com.br\/v1\/wp-json\/wp\/v2\/types\/post"}],"author":[{"embeddable":true,"href":"https:\/\/www.politicosdosuldabahia.com.br\/v1\/wp-json\/wp\/v2\/users\/2"}],"replies":[{"embeddable":true,"href":"https:\/\/www.politicosdosuldabahia.com.br\/v1\/wp-json\/wp\/v2\/comments?post=163904"}],"version-history":[{"count":3,"href":"https:\/\/www.politicosdosuldabahia.com.br\/v1\/wp-json\/wp\/v2\/posts\/163904\/revisions"}],"predecessor-version":[{"id":163908,"href":"https:\/\/www.politicosdosuldabahia.com.br\/v1\/wp-json\/wp\/v2\/posts\/163904\/revisions\/163908"}],"wp:featuredmedia":[{"embeddable":true,"href":"https:\/\/www.politicosdosuldabahia.com.br\/v1\/wp-json\/wp\/v2\/media\/163905"}],"wp:attachment":[{"href":"https:\/\/www.politicosdosuldabahia.com.br\/v1\/wp-json\/wp\/v2\/media?parent=163904"}],"wp:term":[{"taxonomy":"category","embeddable":true,"href":"https:\/\/www.politicosdosuldabahia.com.br\/v1\/wp-json\/wp\/v2\/categories?post=163904"},{"taxonomy":"post_tag","embeddable":true,"href":"https:\/\/www.politicosdosuldabahia.com.br\/v1\/wp-json\/wp\/v2\/tags?post=163904"}],"curies":[{"name":"wp","href":"https:\/\/api.w.org\/{rel}","templated":true}]}}