
{"id":163863,"date":"2022-06-22T15:54:21","date_gmt":"2022-06-22T18:54:21","guid":{"rendered":"http:\/\/www.politicosdosuldabahia.com.br\/v1\/?p=163863"},"modified":"2022-06-22T15:54:22","modified_gmt":"2022-06-22T18:54:22","slug":"coluna-mel-de-cacau-com-veneno-politico-47","status":"publish","type":"post","link":"https:\/\/www.politicosdosuldabahia.com.br\/v1\/2022\/06\/22\/coluna-mel-de-cacau-com-veneno-politico-47\/","title":{"rendered":"COLUNA \u201cMEL DE CACAU COM VENENO POL\u00cdTICO\u201d"},"content":{"rendered":"<h3 style=\"text-align: justify;\">Mais uma edi\u00e7\u00e3o da coluna \u201cMel de Cacau com Veneno pol\u00edtico\u201d, que tem como objetivo relatar alguns fatos da pol\u00edtica do sul da Bahia.<\/h3>\n<h3 style=\"text-align: justify;\">O VICE DE ACM NETO<\/h3>\n<h3 style=\"text-align: justify;\">A expectativa continua grande para saber quem ser\u00e1 o vice de ACM Neto. Um aliado de Neto foi questionado sobre o assunto, a resposta: \u201cQuem souber ganha na loteria\u201d.<\/h3>\n<h3 style=\"text-align: justify;\">A CAVALGADA TOTAL FLEX<\/h3>\n<h3 style=\"text-align: justify;\">No \u00faltimo domingo foi realizada uma cavalgada em Maiquinique pelo grupo de oposi\u00e7\u00e3o. Mas chamou aten\u00e7\u00e3o a quantidade de candidatos. O evento contou com a presen\u00e7a do deputado Fabricio (PC do B), Jo\u00e3o Bacelar (PV), e dos pr\u00e9-candidatos Alberto e Soane, ambos PSB. O grupo de oposi\u00e7\u00e3o tem pouco voto para muito candidatos, algu\u00e9m vai tomar chap\u00e9u.<\/h3>\n<h3 style=\"text-align: justify;\">DANILO NEGA QUE \u00c9 OPOSI\u00c7\u00c3O<br \/>\n<a href=\"http:\/\/www.politicosdosuldabahia.com.br\/v1\/2022\/06\/20\/itabuna-bandeira-branca\/era\/\" rel=\"attachment wp-att-163779\"><img loading=\"lazy\" decoding=\"async\" class=\"aligncenter size-full wp-image-163779\" src=\"http:\/\/www.politicosdosuldabahia.com.br\/v1\/wp-content\/uploads\/2022\/06\/era.jpg\" alt=\"era\" width=\"455\" height=\"809\" srcset=\"https:\/\/www.politicosdosuldabahia.com.br\/v1\/wp-content\/uploads\/2022\/06\/era.jpg 455w, https:\/\/www.politicosdosuldabahia.com.br\/v1\/wp-content\/uploads\/2022\/06\/era-169x300.jpg 169w\" sizes=\"(max-width: 455px) 100vw, 455px\" \/><\/a><br \/>\nEm Itabuna o edil Danilo declarou para o blog que n\u00e3o \u00e9 oposi\u00e7\u00e3o ao governo Augusto Castro. Segundo ele, \u201c eu n\u00e3o sou oposi\u00e7\u00e3o, apenas votei contra o projeto do empr\u00e9stimo\u201d, declarou. Pelo jeito, com o advento do inverno o edil cansou de ficar no sereno.<\/h3>\n<h3 style=\"text-align: justify;\">DANILO VAI DE MARCONE<\/h3>\n<h3 style=\"text-align: justify;\">Quem esperava que Danilo fosse apoiar para estadual o colega Pancadinha perdeu a aposta. Ele declarou que vai apoiar Marcone Amaral do PSD.<\/h3>\n<h3 style=\"text-align: justify;\">JO\u00c3O BACELAR COLOU EM J\u00c2NIO<br \/>\n<a href=\"http:\/\/www.politicosdosuldabahia.com.br\/v1\/2022\/06\/22\/coluna-mel-de-cacau-com-veneno-politico-47\/jnnn\/\" rel=\"attachment wp-att-163864\"><img loading=\"lazy\" decoding=\"async\" class=\"aligncenter size-full wp-image-163864\" src=\"http:\/\/www.politicosdosuldabahia.com.br\/v1\/wp-content\/uploads\/2022\/06\/jnnn.jpeg\" alt=\"jnnn\" width=\"450\" height=\"338\" srcset=\"https:\/\/www.politicosdosuldabahia.com.br\/v1\/wp-content\/uploads\/2022\/06\/jnnn.jpeg 450w, https:\/\/www.politicosdosuldabahia.com.br\/v1\/wp-content\/uploads\/2022\/06\/jnnn-300x225.jpeg 300w, https:\/\/www.politicosdosuldabahia.com.br\/v1\/wp-content\/uploads\/2022\/06\/jnnn-400x300.jpeg 400w\" sizes=\"(max-width: 450px) 100vw, 450px\" \/><\/a><br \/>\nDepois que o blog postou que o prefeito de Porto Seguro, J\u00e2nio Natal estaria colocando sua bancada para apoiar a pr\u00e9-candidata a federa Roberta Ca\u00edres (PP), o deputado Jo\u00e3o Bacelar (PL), desembarcou na cidade e foi cobrar a fatura.<\/h3>\n<h3 style=\"text-align: justify;\">GUINHO E FERNANDO CUMA<br \/>\n<a href=\"http:\/\/www.politicosdosuldabahia.com.br\/v1\/2022\/06\/17\/itabuna-guinho-tira-foto-ao-lado-de-fernando-gomes-e-capitao-azevedo\/guin\/\" rel=\"attachment wp-att-163693\"><img loading=\"lazy\" decoding=\"async\" class=\"aligncenter size-full wp-image-163693\" src=\"http:\/\/www.politicosdosuldabahia.com.br\/v1\/wp-content\/uploads\/2022\/06\/guin.jpeg\" alt=\"guin\" width=\"500\" height=\"202\" srcset=\"https:\/\/www.politicosdosuldabahia.com.br\/v1\/wp-content\/uploads\/2022\/06\/guin.jpeg 500w, https:\/\/www.politicosdosuldabahia.com.br\/v1\/wp-content\/uploads\/2022\/06\/guin-300x121.jpeg 300w\" sizes=\"(max-width: 500px) 100vw, 500px\" \/><\/a><br \/>\nGuinho decidiu sair em uma foto ao lado de Fernando Cuma, que ele tinha declarado recentemente na r\u00e1dio que n\u00e3o queria perto. Como 99% dos pol\u00edticos s\u00e3o incoerentes, parece que Guinho segue essa m\u00e9dia.<\/h3>\n<h3 style=\"text-align: justify;\">NAELITON RINDO \u00c0 TOA<br \/>\n<a href=\"http:\/\/www.politicosdosuldabahia.com.br\/v1\/2022\/06\/21\/itape-sao-joao-antecipado-foi-consolidado-como-melhor-da-regiao\/whatsapp-image-2022-06-21-at-18-17-13\/\" rel=\"attachment wp-att-163829\"><img loading=\"lazy\" decoding=\"async\" class=\"aligncenter size-full wp-image-163829\" src=\"http:\/\/www.politicosdosuldabahia.com.br\/v1\/wp-content\/uploads\/2022\/06\/WhatsApp-Image-2022-06-21-at-18.17.13-e1655846304443.jpeg\" alt=\"WhatsApp Image 2022-06-21 at 18.17.13\" width=\"500\" height=\"500\" \/><\/a><br \/>\nO prefeito de Itap\u00e9, Naeliton est\u00e1 rindo \u00e0 toa. Na festa junina da cidade ele viu a oposi\u00e7\u00e3o rachada. A oposi\u00e7\u00e3o se dividiu em quatro e cada um apareceu na cidade com seus pr\u00e9-candidatos. Como na pol\u00edtica, sempre vence quem abra\u00e7a, e n\u00e3o quem empurra.<\/h3>\n<h3 style=\"text-align: justify;\">MANU DE ITAPETINGA COM PREST\u00cdGIO<br \/>\n<a href=\"http:\/\/www.politicosdosuldabahia.com.br\/v1\/2022\/06\/22\/coluna-mel-de-cacau-com-veneno-politico-47\/man-acm\/\" rel=\"attachment wp-att-163865\"><img loading=\"lazy\" decoding=\"async\" class=\"aligncenter size-full wp-image-163865\" src=\"http:\/\/www.politicosdosuldabahia.com.br\/v1\/wp-content\/uploads\/2022\/06\/man-acm.jpeg\" alt=\"man acm\" width=\"495\" height=\"371\" srcset=\"https:\/\/www.politicosdosuldabahia.com.br\/v1\/wp-content\/uploads\/2022\/06\/man-acm.jpeg 495w, https:\/\/www.politicosdosuldabahia.com.br\/v1\/wp-content\/uploads\/2022\/06\/man-acm-300x225.jpeg 300w, https:\/\/www.politicosdosuldabahia.com.br\/v1\/wp-content\/uploads\/2022\/06\/man-acm-400x300.jpeg 400w\" sizes=\"(max-width: 495px) 100vw, 495px\" \/><\/a><br \/>\nParece que a disputa das \u201cManu\u201d, a de Itapetinga est\u00e1 com mais prest\u00edgio no grupo de ACM Neto. Prova disso \u00e9 que na semana passada ela participou do lan\u00e7amento do Plano Estrat\u00e9gico de Desenvolvimento Feminino e Inova\u00e7\u00e3o para o estado da Bahia, como Coordenadora do projeto Move Mulher, representando Itapetinga e o prefeito Rodrigo Hagge<\/h3>\n<h3 style=\"text-align: justify;\">ELMAR FICOU SEM JEITO<br \/>\n<a href=\"http:\/\/www.politicosdosuldabahia.com.br\/v1\/2022\/06\/21\/jussari-prefeito-antonio-valete-recebe-o-deputado-federal-elmar-nascimento-e-em-ato-publico-reafirma-o-seu-apoio-a-jeronimo-rodrigues-para-o-governo-do-estado__trashed\/whatsapp-image-2022-06-20-at-12-30-26\/\" rel=\"attachment wp-att-163791\"><img loading=\"lazy\" decoding=\"async\" class=\"aligncenter size-full wp-image-163791\" src=\"http:\/\/www.politicosdosuldabahia.com.br\/v1\/wp-content\/uploads\/2022\/06\/WhatsApp-Image-2022-06-20-at-12.30.26-e1655924050708.jpeg\" alt=\"WhatsApp Image 2022-06-20 at 12.30.26\" width=\"480\" height=\"395\" \/><\/a><br \/>\nO deputado Elmar Nascimento \u00e9 conhecido por ser anti pt, mas em Jussari ele ficou sem jeito. Durante a sua visita, o prefeito Valete declarou que apoiar Elmar, mas para presidente vai de Lula e governador vai de Jer\u00f4nimo.<\/h3>\n<h3 style=\"text-align: justify;\">FESTA EM ITARANTIM FOI SUCESSO<\/h3>\n<h3 style=\"text-align: justify;\">A festa junina em Itarantim foi o maior sucesso. De pol\u00edtico b\u00eabado a dan\u00e7arino, teve de tudo. Teve at\u00e9 pol\u00edtico que se perdeu, pensou que Potiragu\u00e1 era Itarantim, e ficou rodando na cidade a procura da festa. S\u00f3 depois que descobriu que estava na cidade errada.<\/h3>\n<h3 style=\"text-align: justify;\">JABES PODE SER O ARTICULADOR DA CHAPA CAC\u00c1 E VALDERICO<br \/>\n<a href=\"http:\/\/www.politicosdosuldabahia.com.br\/v1\/2022\/06\/18\/ilheus-votacao-podera-definir-a-ordem-da-chapa-entre-valderico-e-caca\/caca-jr\/\" rel=\"attachment wp-att-163724\"><img loading=\"lazy\" decoding=\"async\" class=\"aligncenter size-full wp-image-163724\" src=\"http:\/\/www.politicosdosuldabahia.com.br\/v1\/wp-content\/uploads\/2022\/06\/caca-jr.jpg\" alt=\"caca jr\" width=\"450\" height=\"338\" srcset=\"https:\/\/www.politicosdosuldabahia.com.br\/v1\/wp-content\/uploads\/2022\/06\/caca-jr.jpg 450w, https:\/\/www.politicosdosuldabahia.com.br\/v1\/wp-content\/uploads\/2022\/06\/caca-jr-300x225.jpg 300w, https:\/\/www.politicosdosuldabahia.com.br\/v1\/wp-content\/uploads\/2022\/06\/caca-jr-400x300.jpg 400w\" sizes=\"(max-width: 450px) 100vw, 450px\" \/><\/a><br \/>\nO ex-prefeito de Ilh\u00e9s, Jabes pode ser o principal articulador da chapa Cac\u00e1 e Valderico na sucess\u00e3o municipal. Essa composi\u00e7\u00e3o pode ser formalizada em breve.<\/h3>\n<h3 style=\"text-align: justify;\">PR\u00c9-CANDIDATO RASGANDO DINHEIRO<\/h3>\n<h3 style=\"text-align: justify;\">Tem pr\u00e9-candidato a deputado rasgando dinheiro no sul da Bahia. O passe de suplente de vereador em Itabuna est\u00e1 custando R$ 200 mil, j\u00e1 vereador estaria na bolsa no valor de R$ 250 mil.<\/h3>\n<h3 style=\"text-align: justify;\">GERALDO PODE ASSISTIR A ELEI\u00c7\u00c3O DE CAMAROTE<\/h3>\n<h3 style=\"text-align: justify;\">Depois de d\u00e9cadas o ex-prefeito de Itabuna, Geraldo Sim\u00f5es pode assistir \u00e0 elei\u00e7\u00e3o de camarote. Segundo uma fonte, ele estaria disposto apenas participar da majorit\u00e1ria.<\/h3>\n<h3 style=\"text-align: justify;\">PREFEITO N\u00c3O VAI APOIAR O TIO?<\/h3>\n<h3 style=\"text-align: justify;\">O atual vice prefeito da cidade de Aurelino Leal, Ricardo Carneiro (PP) declarou apoio ao empres\u00e1rio e pr\u00e9-candidato a Dep. Estadual, Raimundinho da JR. J\u00e1 o prefeito, Rodrigo (PP), que \u00e9 sobrinho de Raimundinho da JR at\u00e9 agora n\u00e3o se posicionou. Parece que a rela\u00e7\u00e3o est\u00e1 \u201cpolar\u201d.<\/h3>\n","protected":false},"excerpt":{"rendered":"<p>Mais uma edi\u00e7\u00e3o da coluna \u201cMel de Cacau com Veneno pol\u00edtico\u201d, que tem como objetivo relatar alguns fatos da pol\u00edtica do sul da Bahia. O VICE DE ACM NETO A expectativa continua grande para saber quem ser\u00e1 o vice de ACM Neto. Um aliado de Neto foi questionado sobre o assunto, a resposta: \u201cQuem souber [&hellip;]<\/p>\n","protected":false},"author":2,"featured_media":163757,"comment_status":"open","ping_status":"open","sticky":false,"template":"","format":"standard","meta":{"footnotes":"","_links_to":"","_links_to_target":""},"categories":[1],"tags":[],"class_list":["post-163863","post","type-post","status-publish","format-standard","has-post-thumbnail","hentry","category-geral"],"views":903,"_links":{"self":[{"href":"https:\/\/www.politicosdosuldabahia.com.br\/v1\/wp-json\/wp\/v2\/posts\/163863"}],"collection":[{"href":"https:\/\/www.politicosdosuldabahia.com.br\/v1\/wp-json\/wp\/v2\/posts"}],"about":[{"href":"https:\/\/www.politicosdosuldabahia.com.br\/v1\/wp-json\/wp\/v2\/types\/post"}],"author":[{"embeddable":true,"href":"https:\/\/www.politicosdosuldabahia.com.br\/v1\/wp-json\/wp\/v2\/users\/2"}],"replies":[{"embeddable":true,"href":"https:\/\/www.politicosdosuldabahia.com.br\/v1\/wp-json\/wp\/v2\/comments?post=163863"}],"version-history":[{"count":3,"href":"https:\/\/www.politicosdosuldabahia.com.br\/v1\/wp-json\/wp\/v2\/posts\/163863\/revisions"}],"predecessor-version":[{"id":163868,"href":"https:\/\/www.politicosdosuldabahia.com.br\/v1\/wp-json\/wp\/v2\/posts\/163863\/revisions\/163868"}],"wp:featuredmedia":[{"embeddable":true,"href":"https:\/\/www.politicosdosuldabahia.com.br\/v1\/wp-json\/wp\/v2\/media\/163757"}],"wp:attachment":[{"href":"https:\/\/www.politicosdosuldabahia.com.br\/v1\/wp-json\/wp\/v2\/media?parent=163863"}],"wp:term":[{"taxonomy":"category","embeddable":true,"href":"https:\/\/www.politicosdosuldabahia.com.br\/v1\/wp-json\/wp\/v2\/categories?post=163863"},{"taxonomy":"post_tag","embeddable":true,"href":"https:\/\/www.politicosdosuldabahia.com.br\/v1\/wp-json\/wp\/v2\/tags?post=163863"}],"curies":[{"name":"wp","href":"https:\/\/api.w.org\/{rel}","templated":true}]}}