
{"id":163649,"date":"2022-06-15T15:35:57","date_gmt":"2022-06-15T18:35:57","guid":{"rendered":"http:\/\/www.politicosdosuldabahia.com.br\/v1\/?p=163649"},"modified":"2022-06-15T15:35:57","modified_gmt":"2022-06-15T18:35:57","slug":"governo-envia-a-al-ba-projeto-de-lei-com-jabuti-para-financiar-ponte-salvador-itaparica-oposicao-denuncia-manobra","status":"publish","type":"post","link":"https:\/\/www.politicosdosuldabahia.com.br\/v1\/2022\/06\/15\/governo-envia-a-al-ba-projeto-de-lei-com-jabuti-para-financiar-ponte-salvador-itaparica-oposicao-denuncia-manobra\/","title":{"rendered":"GOVERNO ENVIA \u00c0 AL-BA PROJETO DE LEI COM &#8216;JABUTI&#8217; PARA FINANCIAR PONTE SALVADOR-ITAPARICA; OPOSI\u00c7\u00c3O DENUNCIA MANOBRA"},"content":{"rendered":"<h4 style=\"text-align: center\"><img loading=\"lazy\" decoding=\"async\" class=\"alignnone wp-image-163650\" src=\"http:\/\/www.politicosdosuldabahia.com.br\/v1\/wp-content\/uploads\/2022\/06\/WhatsApp-Image-2022-06-15-at-13.19.15.jpeg\" alt=\"WhatsApp Image 2022-06-15 at 13.19.15\" width=\"455\" height=\"303\" srcset=\"https:\/\/www.politicosdosuldabahia.com.br\/v1\/wp-content\/uploads\/2022\/06\/WhatsApp-Image-2022-06-15-at-13.19.15.jpeg 1024w, https:\/\/www.politicosdosuldabahia.com.br\/v1\/wp-content\/uploads\/2022\/06\/WhatsApp-Image-2022-06-15-at-13.19.15-300x200.jpeg 300w, https:\/\/www.politicosdosuldabahia.com.br\/v1\/wp-content\/uploads\/2022\/06\/WhatsApp-Image-2022-06-15-at-13.19.15-768x512.jpeg 768w\" sizes=\"(max-width: 455px) 100vw, 455px\" \/><\/h4>\n<h4 style=\"text-align: center\">Texto quer remanejar empr\u00e9stimo de 300 milh\u00f5es de d\u00f3lares para bancar custos da obra, que subiram de R$ 5 bilh\u00f5es para R$ 9 bilh\u00f5es<\/h4>\n<h3>\nO governador Rui Costa (PT) enviou \u00e0 Assembleia Legislativa da Bahia (AL-BA) um projeto de lei com a inten\u00e7\u00e3o inicial de alterar a estrutura de cargos em comiss\u00e3o da Secretaria da Fazenda (Sefaz), mas a pe\u00e7a vem acompanhada de um &#8216;jabuti&#8217; para destinar recursos ao financiamento das obras de uma antiga promessa eleitoral do PT: a ponte Salvador-Itaparica.<\/h3>\n<h3 style=\"text-align: justify\">Na pr\u00e1tica, Rui quer mudar o texto de uma lei que ele mesmo pediu para aprovar em 2016. Naquele ano, a Assembleia, com voto contr\u00e1rio da oposi\u00e7\u00e3o, autorizou o governador a tomar empr\u00e9stimo de US$ 300 milh\u00f5es &#8211; superior a R$ 1 bilh\u00e3o \u00e0 \u00e9poca &#8211; junto ao Banco de Desenvolvimento da Am\u00e9rica Latina (CAF) para financiar o Programa Integrado de Desenvolvimento de Pol\u00edticas Sociais, Infraestrutura e Mobilidade Urbana. Agora, Rui Costa quer que a fatia bilion\u00e1ria banque os custo da ponte.<\/h3>\n<h3 style=\"text-align: justify\">Em janeiro de 2020, quando anunciou a conclus\u00e3o da licita\u00e7\u00e3o, o governo informou que a obra teria investimento de R$ 5,4 bilh\u00f5es, com aporte do Estado de R$ 1,5 bilh\u00e3o. Mas em mar\u00e7o deste ano o governador revelou que o custo da ponte passou para R$ 9 bilh\u00f5es, alegando que houve aumento no pre\u00e7o dos materiais de constru\u00e7\u00e3o como cimento e a\u00e7o.<\/h3>\n<h3 style=\"text-align: justify\">&#8220;Os recursos resultantes da opera\u00e7\u00e3o de cr\u00e9dito autorizada no caput deste artigo, destinam-se ao financiamento do Projeto Sistema Vi\u00e1rio Integrado do Estado da Bahia Ponte Salvador Ilha de Itaparica&#8221;, diz trecho do PL 24.572\/2022, onde o governador solicita mudan\u00e7a na reda\u00e7\u00e3o do par\u00e1grafo \u00fanico do artigo 1\u00ba da Lei N\u00ba 13.551, de 23 de mar\u00e7o de 2016.<\/h3>\n<h3 style=\"text-align: justify\">Na mensagem enviada \u00e0 Assembleia, Rui pede ainda que o PL 24.572 seja apreciado em regime de urg\u00eancia, portanto sem passar pelo crivo das comiss\u00f5es tem\u00e1ticas. A mat\u00e9ria, a prop\u00f3sito, consta na pauta de vota\u00e7\u00e3o da sess\u00e3o extraordin\u00e1ria convocada para esta quarta-feira (15).<\/h3>\n<h3 style=\"text-align: justify\">A manobra do Pal\u00e1cio de Ondina, contudo, foi denunciada pelo l\u00edder da bancada de oposi\u00e7\u00e3o, deputado estadual Sandro R\u00e9gis (Uni\u00e3o Brasil), que j\u00e1 afirmou n\u00e3o haver possibilidade de acordo para vota\u00e7\u00e3o de nenhuma mat\u00e9ria do Executivo.<\/h3>\n<h3 style=\"text-align: justify\">\u201cComo sempre o governo n\u00e3o age com transpar\u00eancia e ainda quer fazer altera\u00e7\u00f5es or\u00e7ament\u00e1rias a toque de caixa. N\u00e3o vamos aceitar isso\u201d, afirmou Sandro R\u00e9gis.<\/h3>\n","protected":false},"excerpt":{"rendered":"<p>Texto quer remanejar empr\u00e9stimo de 300 milh\u00f5es de d\u00f3lares para bancar custos da obra, que subiram de R$ 5 bilh\u00f5es para R$ 9 bilh\u00f5es O governador Rui Costa (PT) enviou \u00e0 Assembleia Legislativa da Bahia (AL-BA) um projeto de lei com a inten\u00e7\u00e3o inicial de alterar a estrutura de cargos em comiss\u00e3o da Secretaria da [&hellip;]<\/p>\n","protected":false},"author":992,"featured_media":163650,"comment_status":"open","ping_status":"open","sticky":false,"template":"","format":"standard","meta":{"footnotes":"","_links_to":"","_links_to_target":""},"categories":[14],"tags":[],"class_list":["post-163649","post","type-post","status-publish","format-standard","has-post-thumbnail","hentry","category-bahia-geral"],"views":598,"_links":{"self":[{"href":"https:\/\/www.politicosdosuldabahia.com.br\/v1\/wp-json\/wp\/v2\/posts\/163649"}],"collection":[{"href":"https:\/\/www.politicosdosuldabahia.com.br\/v1\/wp-json\/wp\/v2\/posts"}],"about":[{"href":"https:\/\/www.politicosdosuldabahia.com.br\/v1\/wp-json\/wp\/v2\/types\/post"}],"author":[{"embeddable":true,"href":"https:\/\/www.politicosdosuldabahia.com.br\/v1\/wp-json\/wp\/v2\/users\/992"}],"replies":[{"embeddable":true,"href":"https:\/\/www.politicosdosuldabahia.com.br\/v1\/wp-json\/wp\/v2\/comments?post=163649"}],"version-history":[{"count":1,"href":"https:\/\/www.politicosdosuldabahia.com.br\/v1\/wp-json\/wp\/v2\/posts\/163649\/revisions"}],"predecessor-version":[{"id":163651,"href":"https:\/\/www.politicosdosuldabahia.com.br\/v1\/wp-json\/wp\/v2\/posts\/163649\/revisions\/163651"}],"wp:featuredmedia":[{"embeddable":true,"href":"https:\/\/www.politicosdosuldabahia.com.br\/v1\/wp-json\/wp\/v2\/media\/163650"}],"wp:attachment":[{"href":"https:\/\/www.politicosdosuldabahia.com.br\/v1\/wp-json\/wp\/v2\/media?parent=163649"}],"wp:term":[{"taxonomy":"category","embeddable":true,"href":"https:\/\/www.politicosdosuldabahia.com.br\/v1\/wp-json\/wp\/v2\/categories?post=163649"},{"taxonomy":"post_tag","embeddable":true,"href":"https:\/\/www.politicosdosuldabahia.com.br\/v1\/wp-json\/wp\/v2\/tags?post=163649"}],"curies":[{"name":"wp","href":"https:\/\/api.w.org\/{rel}","templated":true}]}}