
{"id":163178,"date":"2022-06-01T15:03:19","date_gmt":"2022-06-01T18:03:19","guid":{"rendered":"http:\/\/www.politicosdosuldabahia.com.br\/v1\/?p=163178"},"modified":"2022-06-01T15:03:19","modified_gmt":"2022-06-01T18:03:19","slug":"em-sessao-solene-pleno-do-trt-5-ratifica-posse-da-desembargadora-eloina-machado","status":"publish","type":"post","link":"https:\/\/www.politicosdosuldabahia.com.br\/v1\/2022\/06\/01\/em-sessao-solene-pleno-do-trt-5-ratifica-posse-da-desembargadora-eloina-machado\/","title":{"rendered":"EM SESS\u00c3O SOLENE, PLENO DO TRT-5 RATIFICA POSSE DA DESEMBARGADORA ELO\u00cdNA MACHADO"},"content":{"rendered":"<h3 class=\"rtejustify\" style=\"text-align: justify\"><img loading=\"lazy\" decoding=\"async\" class=\"aligncenter wp-image-163179\" src=\"http:\/\/www.politicosdosuldabahia.com.br\/v1\/wp-content\/uploads\/2022\/06\/elo_1_mat.jpg\" alt=\"elo_1_mat\" width=\"455\" height=\"277\" srcset=\"https:\/\/www.politicosdosuldabahia.com.br\/v1\/wp-content\/uploads\/2022\/06\/elo_1_mat.jpg 1600w, https:\/\/www.politicosdosuldabahia.com.br\/v1\/wp-content\/uploads\/2022\/06\/elo_1_mat-300x183.jpg 300w, https:\/\/www.politicosdosuldabahia.com.br\/v1\/wp-content\/uploads\/2022\/06\/elo_1_mat-768x468.jpg 768w, https:\/\/www.politicosdosuldabahia.com.br\/v1\/wp-content\/uploads\/2022\/06\/elo_1_mat-1024x623.jpg 1024w\" sizes=\"(max-width: 455px) 100vw, 455px\" \/><\/h3>\n<h3 class=\"rtejustify\" style=\"text-align: justify\">O Pleno do Tribunal Regional do Trabalho da 5\u00aa Regi\u00e3o (TRT-5) ratificou, em sess\u00e3o solene na tarde desta segunda-feira (30\/5), a posse da desembargadora Elo\u00edna Maria Barbosa Machado, cujo Ato Administrativo ocorreu em 27 de dezembro de 2021. Realizada no edif\u00edcio-sede do TRT-5, em Nazar\u00e9, a cerim\u00f4nia foi conduzida pela presidente do Tribunal, desembargadora D\u00e9bora Machado, e reuniu autoridades, magistrados e servidores, bem como familiares e convidados da empossada. O\u00a0<a href=\"https:\/\/www.youtube.com\/watch?v=kXCuqK1k9Eo\" rel=\"nofollow\">v\u00eddeo da solenidade<\/a>, transmitida ao vivo, ficar\u00e1 dispon\u00edvel no canal do TRT-5 no YouTube.<\/h3>\n<h3 class=\"rtejustify\" style=\"text-align: justify\">Ocupante, por merecimento, da vaga reservada a juiz de carreira, em decorr\u00eancia da aposentadoria da desembargadora Ana L\u00facia Bezerra, Elo\u00edna Machado iniciou seu discurso relembrando os pais &#8220;biol\u00f3gicos e de cora\u00e7\u00e3o&#8221;, o privil\u00e9gio da vida e a import\u00e2ncia da fam\u00edlia. \u201cHoje \u00e9 primavera na minha vida, \u00e9 tempo de festa, de alegria, renova\u00e7\u00e3o\u201d, afirmou a magistrada, que declarou ter vivido tempos felizes e intensos em Itabuna, marcados por amizades, solidariedade e muita uni\u00e3o, e agradeceu o apoio de todos que a acompanharam em sua trajet\u00f3ria.<\/h3>\n<h3 class=\"rtejustify\" style=\"text-align: justify\">Sobre a ascens\u00e3o ao Tribunal, a desembargadora Elo\u00edna afirmou estar ciente do compromisso. \u201cSinto-me feliz e orgulhosa em pertencer a um colegiado de brilho e respeitabilidade, consciente de que isso implica que terei que me esfor\u00e7ar ainda mais para conseguir fazer jus a tal desafio\u201d, declarou, reafirmando estar convicta de que a Justi\u00e7a do Trabalho na Bahia est\u00e1 no caminho certo.<\/h3>\n<h3 class=\"rtejustify\" style=\"text-align: justify\">Solenidade<\/h3>\n<h3 class=\"rtejustify\" style=\"text-align: justify\">A solenidade come\u00e7ou com a condu\u00e7\u00e3o da magistrada ao Sal\u00e3o do Pleno pelos desembargadores J\u00e9ferson Muricy e Ivana Magaldi, seguida da execu\u00e7\u00e3o do Hino Nacional brasileiro. Ap\u00f3s o referendo da posse, foi feita a entrega da Comenda da Ordem do M\u00e9rito Judici\u00e1rio do Trabalho da Bahia \u00e0 magistrada, pela presidente D\u00e9bora Machado, com os familiares da desembargadora agraciada: os filhos Giovanna Cervi\u00f1o e Bernardo Machado; o esposo, Telmo Machado; e o genro T\u00falio Cervi\u00f1o.<\/h3>\n<h3 class=\"rtejustify\" style=\"text-align: justify\">Coube ao desembargador Paulino Couto saudar a colega em nome dos demais, destacando aspectos da biografia de Elo\u00edna, como a dedica\u00e7\u00e3o ao trabalho e ao estudo do Direito e as diversas homenagens recebidas por ela. \u201cN\u00e3o tenho d\u00favidas, desembargadora Elo\u00edna, de que esta j\u00e1 vitoriosa carreira constru\u00edda na magistratura ter\u00e1 prosseguimento aqui no Tribunal. Sua promo\u00e7\u00e3o sinaliza para os mais jovens a esperan\u00e7a de que a honradez e o trabalho realizado com seriedade e compet\u00eancia jamais passar\u00e3o despercebidos&#8221;, declarou. Encerrando a cerim\u00f4nia, a desembargadora D\u00e9bora Machado tamb\u00e9m parabenizou a magistrada homenageada.<\/h3>\n<h3 class=\"rtejustify\" style=\"text-align: justify\">A mesa alta da cerim\u00f4nia foi composta, al\u00e9m da desembargadora-presidente, pelos ministros do Tribunal Superior do Trabalho, Alberto Balazeiro e Cl\u00e1udio Brand\u00e3o, este \u00faltimo representando o presidente do TST, ministro Emmanoel Pereira; pelo representante do Governo do Estado da Bahia, procurador T\u00e9ssio Rauff de Carvalho Moura; pelo procurador-chefe do Minist\u00e9rio P\u00fablico do Trabalho na Bahia, Lu\u00eds Carneiro Filho; pelo presidente da Associa\u00e7\u00e3o dos Magistrados da Justi\u00e7a do Trabalho da 5\u00aa Regi\u00e3o, juiz Guilherme Ludwig; e pela vice-presidente da OAB\/BA, advogada Christianne Gurgel.\u00a0O prefeito de Itabuna, Augusto Castro, tamb\u00e9m compareceu ao evento.<\/h3>\n","protected":false},"excerpt":{"rendered":"<p>O Pleno do Tribunal Regional do Trabalho da 5\u00aa Regi\u00e3o (TRT-5) ratificou, em sess\u00e3o solene na tarde desta segunda-feira (30\/5), a posse da desembargadora Elo\u00edna Maria Barbosa Machado, cujo Ato Administrativo ocorreu em 27 de dezembro de 2021. Realizada no edif\u00edcio-sede do TRT-5, em Nazar\u00e9, a cerim\u00f4nia foi conduzida pela presidente do Tribunal, desembargadora D\u00e9bora [&hellip;]<\/p>\n","protected":false},"author":992,"featured_media":163179,"comment_status":"open","ping_status":"open","sticky":false,"template":"","format":"standard","meta":{"footnotes":"","_links_to":"","_links_to_target":""},"categories":[14],"tags":[],"class_list":["post-163178","post","type-post","status-publish","format-standard","has-post-thumbnail","hentry","category-bahia-geral"],"views":557,"_links":{"self":[{"href":"https:\/\/www.politicosdosuldabahia.com.br\/v1\/wp-json\/wp\/v2\/posts\/163178"}],"collection":[{"href":"https:\/\/www.politicosdosuldabahia.com.br\/v1\/wp-json\/wp\/v2\/posts"}],"about":[{"href":"https:\/\/www.politicosdosuldabahia.com.br\/v1\/wp-json\/wp\/v2\/types\/post"}],"author":[{"embeddable":true,"href":"https:\/\/www.politicosdosuldabahia.com.br\/v1\/wp-json\/wp\/v2\/users\/992"}],"replies":[{"embeddable":true,"href":"https:\/\/www.politicosdosuldabahia.com.br\/v1\/wp-json\/wp\/v2\/comments?post=163178"}],"version-history":[{"count":1,"href":"https:\/\/www.politicosdosuldabahia.com.br\/v1\/wp-json\/wp\/v2\/posts\/163178\/revisions"}],"predecessor-version":[{"id":163180,"href":"https:\/\/www.politicosdosuldabahia.com.br\/v1\/wp-json\/wp\/v2\/posts\/163178\/revisions\/163180"}],"wp:featuredmedia":[{"embeddable":true,"href":"https:\/\/www.politicosdosuldabahia.com.br\/v1\/wp-json\/wp\/v2\/media\/163179"}],"wp:attachment":[{"href":"https:\/\/www.politicosdosuldabahia.com.br\/v1\/wp-json\/wp\/v2\/media?parent=163178"}],"wp:term":[{"taxonomy":"category","embeddable":true,"href":"https:\/\/www.politicosdosuldabahia.com.br\/v1\/wp-json\/wp\/v2\/categories?post=163178"},{"taxonomy":"post_tag","embeddable":true,"href":"https:\/\/www.politicosdosuldabahia.com.br\/v1\/wp-json\/wp\/v2\/tags?post=163178"}],"curies":[{"name":"wp","href":"https:\/\/api.w.org\/{rel}","templated":true}]}}