
{"id":163025,"date":"2022-05-27T14:11:51","date_gmt":"2022-05-27T17:11:51","guid":{"rendered":"http:\/\/www.politicosdosuldabahia.com.br\/v1\/?p=163025"},"modified":"2022-05-27T14:11:51","modified_gmt":"2022-05-27T17:11:51","slug":"acm-neto-diz-que-vai-levar-universidade-estadual-para-ipira-e-critica-governo-do-pt-nao-foram-capazes-de-fazer","status":"publish","type":"post","link":"https:\/\/www.politicosdosuldabahia.com.br\/v1\/2022\/05\/27\/acm-neto-diz-que-vai-levar-universidade-estadual-para-ipira-e-critica-governo-do-pt-nao-foram-capazes-de-fazer\/","title":{"rendered":"ACM NETO DIZ QUE VAI LEVAR UNIVERSIDADE ESTADUAL PARA IPIR\u00c1 E CRITICA GOVERNO DO PT: &#8220;N\u00c3O FORAM CAPAZES DE FAZER\u201d"},"content":{"rendered":"<p><img loading=\"lazy\" decoding=\"async\" class=\"alignnone size-full wp-image-163026\" src=\"http:\/\/www.politicosdosuldabahia.com.br\/v1\/wp-content\/uploads\/2022\/05\/WhatsApp-Image-2022-05-27-at-14.09.58.jpeg\" alt=\"WhatsApp Image 2022-05-27 at 14.09.58\" width=\"455\" height=\"419\" srcset=\"https:\/\/www.politicosdosuldabahia.com.br\/v1\/wp-content\/uploads\/2022\/05\/WhatsApp-Image-2022-05-27-at-14.09.58.jpeg 455w, https:\/\/www.politicosdosuldabahia.com.br\/v1\/wp-content\/uploads\/2022\/05\/WhatsApp-Image-2022-05-27-at-14.09.58-300x276.jpeg 300w\" sizes=\"(max-width: 455px) 100vw, 455px\" \/><\/p>\n<h4 style=\"text-align: center\">Pr\u00e9-candidato ao governo destacou que esta \u00e9 uma reivindica\u00e7\u00e3o antiga da regi\u00e3o, principalmente da popula\u00e7\u00e3o mais jovem<\/h4>\n<h3 style=\"text-align: justify\"><\/h3>\n<h3 style=\"text-align: justify\">O pr\u00e9-candidato ao Governo da Bahia ACM Neto (Uni\u00e3o Brasil) afirmou que vai criar o N\u00facleo da Universidade Estadual da Bahia em Ipir\u00e1. A ideia da proposta \u00e9 criar um espa\u00e7o para a profissionaliza\u00e7\u00e3o dos jovens da regi\u00e3o. O compromisso foi anunciado durante evento realizado no munic\u00edpio nesta quinta-feira (26).<\/h3>\n<h3 style=\"text-align: justify\">Ipir\u00e1 \u00e9 o terceiro munic\u00edpio mais populoso da localidade, e a estrutura\u00e7\u00e3o do n\u00facleo de ensino vai possibilitar o acesso \u00e0 educa\u00e7\u00e3o de qualidade para grande parte da popula\u00e7\u00e3o.<\/h3>\n<h3 style=\"text-align: justify\">\u201cEsta cidade espera e clama para ter aqui um N\u00facleo da Universidade Estadual da Bahia h\u00e1 16 anos. Essa juventude sonha com a faculdade h\u00e1 muitos anos. E apesar desse desejo da popula\u00e7\u00e3o, aqueles que est\u00e3o no governo n\u00e3o foram capazes de fazer esse projeto sair do papel\u201d, pontuou.<\/h3>\n<h3 style=\"text-align: justify\">\u201cE se eles n\u00e3o foram capazes de fazer em 16 anos, n\u00e3o podem ter mais tempo. Eles j\u00e1 tiveram tempo bastante. Chegou a hora da gente mudar, chegou a hora da gente apostar em algo novo, de olhar pro futuro. E hoje eu deixo aqui o meu compromisso de trazer para Ipir\u00e1 a Universidade do Estado\u201d, enfatizou.<\/h3>\n<h3 style=\"text-align: justify\"><strong>#PelaBahia<\/strong><\/h3>\n<h3 style=\"text-align: justify\">ACM Neto visitou as cidades de Feira de Santana, Ipir\u00e1 e o distrito de Bravo, em Serra Preta, na quinta-feira. Hoje, sexta-feira (27), o pr\u00e9-candidato ao Governo da Bahia pelo Uni\u00e3o Brasil continua sua caminhada pelo interior com o projeto #PelaBahia, e vai cumprir agendas em Jequi\u00e9, Itaet\u00ea e Iramaia.<\/h3>\n<h3 style=\"text-align: justify\">Com as visitas desse final de semana, ACM Neto passa a contabilizar, desde o in\u00edcio de 2021, mais de 120 cidades percorridas pelo estado. S\u00f3 neste m\u00eas, o ex-prefeito de Salvador j\u00e1 visitou 30 cidades. Durante as agendas, Neto tem a oportunidade de conversar com a popula\u00e7\u00e3o local e identificar as reais necessidades de cada regi\u00e3o da Bahia.<\/h3>\n","protected":false},"excerpt":{"rendered":"<p>Pr\u00e9-candidato ao governo destacou que esta \u00e9 uma reivindica\u00e7\u00e3o antiga da regi\u00e3o, principalmente da popula\u00e7\u00e3o mais jovem O pr\u00e9-candidato ao Governo da Bahia ACM Neto (Uni\u00e3o Brasil) afirmou que vai criar o N\u00facleo da Universidade Estadual da Bahia em Ipir\u00e1. A ideia da proposta \u00e9 criar um espa\u00e7o para a profissionaliza\u00e7\u00e3o dos jovens da regi\u00e3o. [&hellip;]<\/p>\n","protected":false},"author":992,"featured_media":163026,"comment_status":"open","ping_status":"open","sticky":false,"template":"","format":"standard","meta":{"footnotes":"","_links_to":"","_links_to_target":""},"categories":[14],"tags":[],"class_list":["post-163025","post","type-post","status-publish","format-standard","has-post-thumbnail","hentry","category-bahia-geral"],"views":550,"_links":{"self":[{"href":"https:\/\/www.politicosdosuldabahia.com.br\/v1\/wp-json\/wp\/v2\/posts\/163025"}],"collection":[{"href":"https:\/\/www.politicosdosuldabahia.com.br\/v1\/wp-json\/wp\/v2\/posts"}],"about":[{"href":"https:\/\/www.politicosdosuldabahia.com.br\/v1\/wp-json\/wp\/v2\/types\/post"}],"author":[{"embeddable":true,"href":"https:\/\/www.politicosdosuldabahia.com.br\/v1\/wp-json\/wp\/v2\/users\/992"}],"replies":[{"embeddable":true,"href":"https:\/\/www.politicosdosuldabahia.com.br\/v1\/wp-json\/wp\/v2\/comments?post=163025"}],"version-history":[{"count":2,"href":"https:\/\/www.politicosdosuldabahia.com.br\/v1\/wp-json\/wp\/v2\/posts\/163025\/revisions"}],"predecessor-version":[{"id":163028,"href":"https:\/\/www.politicosdosuldabahia.com.br\/v1\/wp-json\/wp\/v2\/posts\/163025\/revisions\/163028"}],"wp:featuredmedia":[{"embeddable":true,"href":"https:\/\/www.politicosdosuldabahia.com.br\/v1\/wp-json\/wp\/v2\/media\/163026"}],"wp:attachment":[{"href":"https:\/\/www.politicosdosuldabahia.com.br\/v1\/wp-json\/wp\/v2\/media?parent=163025"}],"wp:term":[{"taxonomy":"category","embeddable":true,"href":"https:\/\/www.politicosdosuldabahia.com.br\/v1\/wp-json\/wp\/v2\/categories?post=163025"},{"taxonomy":"post_tag","embeddable":true,"href":"https:\/\/www.politicosdosuldabahia.com.br\/v1\/wp-json\/wp\/v2\/tags?post=163025"}],"curies":[{"name":"wp","href":"https:\/\/api.w.org\/{rel}","templated":true}]}}