
{"id":163011,"date":"2022-05-27T13:54:20","date_gmt":"2022-05-27T16:54:20","guid":{"rendered":"http:\/\/www.politicosdosuldabahia.com.br\/v1\/?p=163011"},"modified":"2022-05-27T13:54:20","modified_gmt":"2022-05-27T16:54:20","slug":"com-roma-nao-vai-ter-lenga-lenga-para-cumprir-mandados-de-reintegracao-de-posse-na-bahia","status":"publish","type":"post","link":"https:\/\/www.politicosdosuldabahia.com.br\/v1\/2022\/05\/27\/com-roma-nao-vai-ter-lenga-lenga-para-cumprir-mandados-de-reintegracao-de-posse-na-bahia\/","title":{"rendered":"COM ROMA, N\u00c3O VAI TER \u201cLENGA-LENGA\u201d PARA CUMPRIR MANDADOS DE REINTEGRA\u00c7\u00c3O DE POSSE NA BAHIA"},"content":{"rendered":"<h3 style=\"text-align: justify\">\n<img loading=\"lazy\" decoding=\"async\" class=\"wp-image-163012 aligncenter\" src=\"http:\/\/www.politicosdosuldabahia.com.br\/v1\/wp-content\/uploads\/2022\/05\/WhatsApp-Image-2022-05-26-at-17.18.45.jpeg\" alt=\"WhatsApp Image 2022-05-26 at 17.18.45\" width=\"455\" height=\"300\" srcset=\"https:\/\/www.politicosdosuldabahia.com.br\/v1\/wp-content\/uploads\/2022\/05\/WhatsApp-Image-2022-05-26-at-17.18.45.jpeg 1024w, https:\/\/www.politicosdosuldabahia.com.br\/v1\/wp-content\/uploads\/2022\/05\/WhatsApp-Image-2022-05-26-at-17.18.45-300x198.jpeg 300w, https:\/\/www.politicosdosuldabahia.com.br\/v1\/wp-content\/uploads\/2022\/05\/WhatsApp-Image-2022-05-26-at-17.18.45-768x507.jpeg 768w\" sizes=\"(max-width: 455px) 100vw, 455px\" \/><br \/>\nO pr\u00e9-candidato a governador da Bahia, ex-ministro da Cidadania e deputado federal, Jo\u00e3o Roma (PL), anunciou que, no caso de eleito, vai acabar com a burocracia criada pelo governo do PT para dificultar o apoio da Pol\u00edcia Militar no cumprimento de mandados judiciais de reintegra\u00e7\u00f5es de posses no estado. Sem o apoio das for\u00e7as policiais, as decis\u00f5es da justi\u00e7a ficam sem execu\u00e7\u00e3o diante de invasores armados.<\/p>\n<p>\u201cVeladamente os governantes petistas criaram uma verdadeira jabuticaba burocr\u00e1tica para retardar e muitas vezes impedir que o refor\u00e7o policial apoie a execu\u00e7\u00e3o de ordens judiciais para a devolu\u00e7\u00e3o de terras invadidas de forma criminosa a seus propriet\u00e1rios, principalmente na zona rural. Se eleito, vou acabar com esse expediente que desrespeita a nossa Constitui\u00e7\u00e3o\u201d, afirmou Roma em entrevista \u00e0 r\u00e1dio Costa Sul, de Canavieiras.<\/p>\n<p>O pr\u00e9-candidato bolsonarista destacou que o descumprimento de ordens judiciais fere frontalmente a Constitui\u00e7\u00e3o Federal. \u201cPara driblar a legisla\u00e7\u00e3o e proteger movimentos aliados, contumazes em invas\u00f5es ilegais no campo, os governos petistas criaram instru\u00e7\u00f5es que burocratizam o imprescind\u00edvel aux\u00edlio policial nas execu\u00e7\u00f5es, uma vez que os invasores em grande n\u00famero geralmente resistem e est\u00e3o armados\u201d.<\/p>\n<p>O ex-ministro da Cidadania defende uma mudan\u00e7a geral na postura de um novo governo na Bahia. \u201cAtualmente inventam artif\u00edcios para proteger os aliados que invadem ilegalmente terras, atropelando a Constitui\u00e7\u00e3o, mas n\u00e3o d\u00e3o condi\u00e7\u00f5es nem respaldo aos nossos policiais para enfrentarem os bandidos que aterrorizam a vida dos baianos\u201d.<\/p>\n<p>Em entrevista \u00e0 r\u00e1dio Suba\u00e9, de Feira de Santana, Roma assinalou que a falta de estrutura e respaldo do governo do PT \u00e0s for\u00e7as policiais fragiliza a seguran\u00e7a p\u00fablica na Bahia. \u201cE n\u00e3o \u00e9 por falta de recursos. O governo federal destinou mais de R$ 90 milh\u00f5es para equipamentos e capacita\u00e7\u00e3o de policiais e n\u00e3o foram capazes de gastar nem 20% deste montante\u201d.<\/p>\n<p>Para evidenciar ainda mais que recursos p\u00fablicos n\u00e3o faltam para serem investidos em prol da seguran\u00e7a, sa\u00fade e educa\u00e7\u00e3o da popula\u00e7\u00e3o baiana, Roma disse que o governo petista est\u00e1 fazendo propaganda do aumento de bilh\u00f5es na arrecada\u00e7\u00e3o de tributos. \u201cIsso \u00e9 um esc\u00e1rnio! Cad\u00ea que eles reduziram o ICMS dos combust\u00edveis. Continuam castigando os baianos com uma das gasolinas mais caras do Brasil\u201d, comentou em entrevista \u00e0 radio UP, de Vit\u00f3ria da Conquista.<\/h3>\n","protected":false},"excerpt":{"rendered":"<p>O pr\u00e9-candidato a governador da Bahia, ex-ministro da Cidadania e deputado federal, Jo\u00e3o Roma (PL), anunciou que, no caso de eleito, vai acabar com a burocracia criada pelo governo do PT para dificultar o apoio da Pol\u00edcia Militar no cumprimento de mandados judiciais de reintegra\u00e7\u00f5es de posses no estado. Sem o apoio das for\u00e7as policiais, [&hellip;]<\/p>\n","protected":false},"author":992,"featured_media":163012,"comment_status":"open","ping_status":"open","sticky":false,"template":"","format":"standard","meta":{"footnotes":"","_links_to":"","_links_to_target":""},"categories":[14],"tags":[],"class_list":["post-163011","post","type-post","status-publish","format-standard","has-post-thumbnail","hentry","category-bahia-geral"],"views":474,"_links":{"self":[{"href":"https:\/\/www.politicosdosuldabahia.com.br\/v1\/wp-json\/wp\/v2\/posts\/163011"}],"collection":[{"href":"https:\/\/www.politicosdosuldabahia.com.br\/v1\/wp-json\/wp\/v2\/posts"}],"about":[{"href":"https:\/\/www.politicosdosuldabahia.com.br\/v1\/wp-json\/wp\/v2\/types\/post"}],"author":[{"embeddable":true,"href":"https:\/\/www.politicosdosuldabahia.com.br\/v1\/wp-json\/wp\/v2\/users\/992"}],"replies":[{"embeddable":true,"href":"https:\/\/www.politicosdosuldabahia.com.br\/v1\/wp-json\/wp\/v2\/comments?post=163011"}],"version-history":[{"count":1,"href":"https:\/\/www.politicosdosuldabahia.com.br\/v1\/wp-json\/wp\/v2\/posts\/163011\/revisions"}],"predecessor-version":[{"id":163013,"href":"https:\/\/www.politicosdosuldabahia.com.br\/v1\/wp-json\/wp\/v2\/posts\/163011\/revisions\/163013"}],"wp:featuredmedia":[{"embeddable":true,"href":"https:\/\/www.politicosdosuldabahia.com.br\/v1\/wp-json\/wp\/v2\/media\/163012"}],"wp:attachment":[{"href":"https:\/\/www.politicosdosuldabahia.com.br\/v1\/wp-json\/wp\/v2\/media?parent=163011"}],"wp:term":[{"taxonomy":"category","embeddable":true,"href":"https:\/\/www.politicosdosuldabahia.com.br\/v1\/wp-json\/wp\/v2\/categories?post=163011"},{"taxonomy":"post_tag","embeddable":true,"href":"https:\/\/www.politicosdosuldabahia.com.br\/v1\/wp-json\/wp\/v2\/tags?post=163011"}],"curies":[{"name":"wp","href":"https:\/\/api.w.org\/{rel}","templated":true}]}}