
{"id":163007,"date":"2022-05-27T13:50:30","date_gmt":"2022-05-27T16:50:30","guid":{"rendered":"http:\/\/www.politicosdosuldabahia.com.br\/v1\/?p=163007"},"modified":"2022-05-27T13:50:30","modified_gmt":"2022-05-27T16:50:30","slug":"precisou-a-camara-dos-deputados-agir-porque-o-governo-daqui-nao-se-mexeu-para-ajudar-diz-sandro-regis-sobre-novo-teto-do-icms","status":"publish","type":"post","link":"https:\/\/www.politicosdosuldabahia.com.br\/v1\/2022\/05\/27\/precisou-a-camara-dos-deputados-agir-porque-o-governo-daqui-nao-se-mexeu-para-ajudar-diz-sandro-regis-sobre-novo-teto-do-icms\/","title":{"rendered":"PRECISOU A C\u00c2MARA DOS DEPUTADOS AGIR PORQUE O GOVERNO DAQUI N\u00c3O SE MEXEU PARA AJUDAR, DIZ SANDRO R\u00c9GIS SOBRE NOVO TETO DO ICMS"},"content":{"rendered":"<h3 style=\"text-align: justify\"><img loading=\"lazy\" decoding=\"async\" class=\"alignnone wp-image-163008\" src=\"http:\/\/www.politicosdosuldabahia.com.br\/v1\/wp-content\/uploads\/2022\/05\/WhatsApp-Image-2022-05-26-at-17.52.02.jpeg\" alt=\"WhatsApp Image 2022-05-26 at 17.52.02\" width=\"455\" height=\"303\" srcset=\"https:\/\/www.politicosdosuldabahia.com.br\/v1\/wp-content\/uploads\/2022\/05\/WhatsApp-Image-2022-05-26-at-17.52.02.jpeg 1024w, https:\/\/www.politicosdosuldabahia.com.br\/v1\/wp-content\/uploads\/2022\/05\/WhatsApp-Image-2022-05-26-at-17.52.02-300x200.jpeg 300w, https:\/\/www.politicosdosuldabahia.com.br\/v1\/wp-content\/uploads\/2022\/05\/WhatsApp-Image-2022-05-26-at-17.52.02-768x512.jpeg 768w\" sizes=\"(max-width: 455px) 100vw, 455px\" \/><\/h3>\n<h3 style=\"text-align: justify\">Precisou a C\u00e2mara dos Deputados agir porque o governo daqui n\u00e3o se mexeu para ajudar, diz Sandro R\u00e9gis sobre novo teto do ICMS<\/h3>\n<h3 style=\"text-align: justify\">Nova lei ajuda a reduzir o pre\u00e7o de itens essenciais, como combust\u00edveis, energia, g\u00e1s natural e transporte p\u00fablico<\/h3>\n<h3 style=\"text-align: justify\">\nL\u00edder da oposi\u00e7\u00e3o na Assembleia Legislativa da Bahia (AL-BA), o deputado estadual Sandro R\u00e9gis (Uni\u00e3o Brasil) disse, nesta quinta-feira (26), que a lei aprovada na C\u00e2mara dos Deputados para limitar em 17% o teto do ICMS pode ser vista como uma vit\u00f3ria do povo baiano contra a intransig\u00eancia do governo estadual.<\/h3>\n<h3 style=\"text-align: justify\">A mat\u00e9ria, relatada pelo deputado federal Elmar Nascimento (Uni\u00e3o Brasil-BA) limita a al\u00edquota do Imposto sobre Circula\u00e7\u00e3o de Mercadorias e Servi\u00e7os (ICMS \u2013 que \u00e9 tributo estadual) sobre combust\u00edveis, energia, g\u00e1s natural, comunica\u00e7\u00f5es e transportes coletivos.<\/h3>\n<h3 style=\"text-align: justify\">&#8220;N\u00f3s j\u00e1 est\u00e1vamos pedindo que o governo se sensibilize e reduza o ICMS para aliviar o bolso das pessoas, mas simplesmente fomos ignorados. N\u00e3o \u00e9 justo que o governo encha os cofres enquanto as pessoas passam dificuldade. Precisou a C\u00e2mara dos Deputados adotar uma medida de determinar teto de 17% para o ICMS sobre combust\u00edveis e energia, pois o governo daqui n\u00e3o se mexeu para dar sua parcela de contribui\u00e7\u00e3o\u201d, declarou Sandro R\u00e9gis.<\/h3>\n<h3 style=\"text-align: justify\">Mesmo com aumento bilion\u00e1rio na arrecada\u00e7\u00e3o do ICMS no \u00faltimo ano, o governo do PT na Bahia ignora os pedidos para que haja redu\u00e7\u00e3o ou isen\u00e7\u00e3o do tributo sobre o diesel para o transporte p\u00fablico, o que tem impacto direto no pre\u00e7o da tarifa de \u00f4nibus, por exemplo.<\/h3>\n<h3 style=\"text-align: justify\">\u201c\u00c9 muita falta de sensibilidade com o povo, que paga a conta e vem sendo prejudicado com os sucessivos aumentos. Esse crescimento no valor dos combust\u00edveis afeta tudo em cadeia, n\u00e3o s\u00f3 quem tem carro, mas tamb\u00e9m o usu\u00e1rio de transporte p\u00fablico, al\u00e9m do fato de aumentar o custo do frete, o que acaba encarecendo os produtos que consumimos no dia a dia&#8221;, denunciou o l\u00edder da oposi\u00e7\u00e3o na AL-BA.<\/h3>\n<h3 style=\"text-align: justify\">O projeto aprovado na C\u00e2mara dos Deputados nesta quarta-feira (25) segue agora para avalia\u00e7\u00e3o dos senadores.<\/h3>\n","protected":false},"excerpt":{"rendered":"<p>Precisou a C\u00e2mara dos Deputados agir porque o governo daqui n\u00e3o se mexeu para ajudar, diz Sandro R\u00e9gis sobre novo teto do ICMS Nova lei ajuda a reduzir o pre\u00e7o de itens essenciais, como combust\u00edveis, energia, g\u00e1s natural e transporte p\u00fablico L\u00edder da oposi\u00e7\u00e3o na Assembleia Legislativa da Bahia (AL-BA), o deputado estadual Sandro R\u00e9gis [&hellip;]<\/p>\n","protected":false},"author":992,"featured_media":163008,"comment_status":"open","ping_status":"open","sticky":false,"template":"","format":"standard","meta":{"footnotes":"","_links_to":"","_links_to_target":""},"categories":[14],"tags":[],"class_list":["post-163007","post","type-post","status-publish","format-standard","has-post-thumbnail","hentry","category-bahia-geral"],"views":512,"_links":{"self":[{"href":"https:\/\/www.politicosdosuldabahia.com.br\/v1\/wp-json\/wp\/v2\/posts\/163007"}],"collection":[{"href":"https:\/\/www.politicosdosuldabahia.com.br\/v1\/wp-json\/wp\/v2\/posts"}],"about":[{"href":"https:\/\/www.politicosdosuldabahia.com.br\/v1\/wp-json\/wp\/v2\/types\/post"}],"author":[{"embeddable":true,"href":"https:\/\/www.politicosdosuldabahia.com.br\/v1\/wp-json\/wp\/v2\/users\/992"}],"replies":[{"embeddable":true,"href":"https:\/\/www.politicosdosuldabahia.com.br\/v1\/wp-json\/wp\/v2\/comments?post=163007"}],"version-history":[{"count":1,"href":"https:\/\/www.politicosdosuldabahia.com.br\/v1\/wp-json\/wp\/v2\/posts\/163007\/revisions"}],"predecessor-version":[{"id":163009,"href":"https:\/\/www.politicosdosuldabahia.com.br\/v1\/wp-json\/wp\/v2\/posts\/163007\/revisions\/163009"}],"wp:featuredmedia":[{"embeddable":true,"href":"https:\/\/www.politicosdosuldabahia.com.br\/v1\/wp-json\/wp\/v2\/media\/163008"}],"wp:attachment":[{"href":"https:\/\/www.politicosdosuldabahia.com.br\/v1\/wp-json\/wp\/v2\/media?parent=163007"}],"wp:term":[{"taxonomy":"category","embeddable":true,"href":"https:\/\/www.politicosdosuldabahia.com.br\/v1\/wp-json\/wp\/v2\/categories?post=163007"},{"taxonomy":"post_tag","embeddable":true,"href":"https:\/\/www.politicosdosuldabahia.com.br\/v1\/wp-json\/wp\/v2\/tags?post=163007"}],"curies":[{"name":"wp","href":"https:\/\/api.w.org\/{rel}","templated":true}]}}