
{"id":162943,"date":"2022-05-26T09:15:03","date_gmt":"2022-05-26T12:15:03","guid":{"rendered":"http:\/\/www.politicosdosuldabahia.com.br\/v1\/?p=162943"},"modified":"2022-05-26T09:15:03","modified_gmt":"2022-05-26T12:15:03","slug":"rui-critica-partido-de-acm-neto-uniao-com-bolsonaro-que-destruiu-emprego","status":"publish","type":"post","link":"https:\/\/www.politicosdosuldabahia.com.br\/v1\/2022\/05\/26\/rui-critica-partido-de-acm-neto-uniao-com-bolsonaro-que-destruiu-emprego\/","title":{"rendered":"RUI CRITICA PARTIDO DE ACM NETO: \u201cUNI\u00c3O COM BOLSONARO QUE DESTRUIU EMPREGO\u201d"},"content":{"rendered":"<h3 style=\"text-align: justify\"><img loading=\"lazy\" decoding=\"async\" class=\"size-full wp-image-162947 aligncenter\" src=\"http:\/\/www.politicosdosuldabahia.com.br\/v1\/wp-content\/uploads\/2022\/05\/WhatsApp-Image-2022-05-25-at-14.39.17.jpeg\" alt=\"WhatsApp Image 2022-05-25 at 14.39.17\" width=\"455\" height=\"302\" srcset=\"https:\/\/www.politicosdosuldabahia.com.br\/v1\/wp-content\/uploads\/2022\/05\/WhatsApp-Image-2022-05-25-at-14.39.17.jpeg 455w, https:\/\/www.politicosdosuldabahia.com.br\/v1\/wp-content\/uploads\/2022\/05\/WhatsApp-Image-2022-05-25-at-14.39.17-300x199.jpeg 300w\" sizes=\"(max-width: 455px) 100vw, 455px\" \/><\/h3>\n<h3 style=\"text-align: justify\">O governador Rui Costa (PT), em entrevista na cidade de Brumado, onde cumpre agenda nesta quarta-feira (25), criticou a alian\u00e7a do partido do ex-prefeito de Salvador, o Uni\u00e3o Brasil (UB), com o presidente Jair Bolsonaro (PL). \u201cEles s\u00e3o do Uni\u00e3o, n\u00e9? Uni\u00e3o com Bolsonaro que destruiu emprego, \u00e9 a uni\u00e3o que colocou a gasolina a quase R$ 10, \u00e9 a uni\u00e3o que acabou com o Minha Casa, Minha Vida. Ent\u00e3o, \u00e9 a uni\u00e3o deles com Bolsonaro para quebrar o pa\u00eds\u201d, afirmou o governador, que responsabilizou os partidos que apoiaram Bolsonaro nas elei\u00e7\u00f5es de 2018 e deram sustenta\u00e7\u00e3o ao Governo Federal na atual gest\u00e3o.<\/h3>\n<h3 style=\"text-align: justify\">Na opini\u00e3o de Rui Costa, o povo aprendeu a li\u00e7\u00e3o e vai saber diferenciar os dois projetos pol\u00edticos que estar\u00e3o em disputa nas elei\u00e7\u00f5es deste ano. \u201cO povo que t\u00e1 revoltado com a situa\u00e7\u00e3o do Brasil, na minha opini\u00e3o, vai votar de cima para baixo para mudar essa situa\u00e7\u00e3o\u201d, afirmou o gestor baiano, que manifestou seu apoio e confian\u00e7a em Jer\u00f4nimo Rodrigues (PT), pr\u00e9-candidato ao Governo do Estado apoiado por Lula na Bahia. Ainda sobre a oposi\u00e7\u00e3o, o l\u00edder baiano questionou: \u201cQuem acabou com o Minha Casa Minha Vida? Eles! O povo vai escolher e eu n\u00e3o tenho d\u00favida qual ser\u00e1 a escolha do povo. Eu diria que gato escaldado tem medo de \u00e1gua fria\u201d.<\/h3>\n","protected":false},"excerpt":{"rendered":"<p>O governador Rui Costa (PT), em entrevista na cidade de Brumado, onde cumpre agenda nesta quarta-feira (25), criticou a alian\u00e7a do partido do ex-prefeito de Salvador, o Uni\u00e3o Brasil (UB), com o presidente Jair Bolsonaro (PL). \u201cEles s\u00e3o do Uni\u00e3o, n\u00e9? Uni\u00e3o com Bolsonaro que destruiu emprego, \u00e9 a uni\u00e3o que colocou a gasolina a [&hellip;]<\/p>\n","protected":false},"author":992,"featured_media":162947,"comment_status":"open","ping_status":"open","sticky":false,"template":"","format":"standard","meta":{"footnotes":"","_links_to":"","_links_to_target":""},"categories":[14],"tags":[],"class_list":["post-162943","post","type-post","status-publish","format-standard","has-post-thumbnail","hentry","category-bahia-geral"],"views":544,"_links":{"self":[{"href":"https:\/\/www.politicosdosuldabahia.com.br\/v1\/wp-json\/wp\/v2\/posts\/162943"}],"collection":[{"href":"https:\/\/www.politicosdosuldabahia.com.br\/v1\/wp-json\/wp\/v2\/posts"}],"about":[{"href":"https:\/\/www.politicosdosuldabahia.com.br\/v1\/wp-json\/wp\/v2\/types\/post"}],"author":[{"embeddable":true,"href":"https:\/\/www.politicosdosuldabahia.com.br\/v1\/wp-json\/wp\/v2\/users\/992"}],"replies":[{"embeddable":true,"href":"https:\/\/www.politicosdosuldabahia.com.br\/v1\/wp-json\/wp\/v2\/comments?post=162943"}],"version-history":[{"count":1,"href":"https:\/\/www.politicosdosuldabahia.com.br\/v1\/wp-json\/wp\/v2\/posts\/162943\/revisions"}],"predecessor-version":[{"id":162948,"href":"https:\/\/www.politicosdosuldabahia.com.br\/v1\/wp-json\/wp\/v2\/posts\/162943\/revisions\/162948"}],"wp:featuredmedia":[{"embeddable":true,"href":"https:\/\/www.politicosdosuldabahia.com.br\/v1\/wp-json\/wp\/v2\/media\/162947"}],"wp:attachment":[{"href":"https:\/\/www.politicosdosuldabahia.com.br\/v1\/wp-json\/wp\/v2\/media?parent=162943"}],"wp:term":[{"taxonomy":"category","embeddable":true,"href":"https:\/\/www.politicosdosuldabahia.com.br\/v1\/wp-json\/wp\/v2\/categories?post=162943"},{"taxonomy":"post_tag","embeddable":true,"href":"https:\/\/www.politicosdosuldabahia.com.br\/v1\/wp-json\/wp\/v2\/tags?post=162943"}],"curies":[{"name":"wp","href":"https:\/\/api.w.org\/{rel}","templated":true}]}}