
{"id":162779,"date":"2022-05-21T18:34:54","date_gmt":"2022-05-21T21:34:54","guid":{"rendered":"http:\/\/www.politicosdosuldabahia.com.br\/v1\/?p=162779"},"modified":"2022-05-21T18:34:54","modified_gmt":"2022-05-21T21:34:54","slug":"fernando-gomes-declara-apoio-acm-neto","status":"publish","type":"post","link":"https:\/\/www.politicosdosuldabahia.com.br\/v1\/2022\/05\/21\/fernando-gomes-declara-apoio-acm-neto\/","title":{"rendered":"FERNANDO GOMES DECLARA APOIO ACM NETO"},"content":{"rendered":"<h3 style=\"text-align: justify\"><img loading=\"lazy\" decoding=\"async\" class=\"size-full wp-image-162780 aligncenter\" src=\"http:\/\/www.politicosdosuldabahia.com.br\/v1\/wp-content\/uploads\/2022\/05\/WhatsApp-Image-2022-05-21-at-16.03.30.jpeg\" alt=\"WhatsApp Image 2022-05-21 at 16.03.30\" width=\"455\" height=\"341\" srcset=\"https:\/\/www.politicosdosuldabahia.com.br\/v1\/wp-content\/uploads\/2022\/05\/WhatsApp-Image-2022-05-21-at-16.03.30.jpeg 455w, https:\/\/www.politicosdosuldabahia.com.br\/v1\/wp-content\/uploads\/2022\/05\/WhatsApp-Image-2022-05-21-at-16.03.30-300x225.jpeg 300w, https:\/\/www.politicosdosuldabahia.com.br\/v1\/wp-content\/uploads\/2022\/05\/WhatsApp-Image-2022-05-21-at-16.03.30-400x300.jpeg 400w\" sizes=\"(max-width: 455px) 100vw, 455px\" \/><\/h3>\n<h3 style=\"text-align: justify\">O ex-prefeito de Itabuna, Fernando Gomes, ap\u00f3s se \u00a0reunir com o pr\u00e9-candidato ao Governo do Estado ACM \u00a0Neto, na exposi\u00e7\u00e3o agropecu\u00e1ria de Itapetinga, declarou que ir\u00e1 apoiar sua candidatura.<\/h3>\n<h3 style=\"text-align: justify\">Em contato com Fernando Gomes, ele declarou que s\u00f3 voltaria no PT caso o candidato fosse Rui Costa , como n\u00e3o ser\u00e1, seu apoio ser\u00e1 de ACM, do partido Uni\u00e3o Brasil.<\/h3>\n","protected":false},"excerpt":{"rendered":"<p>O ex-prefeito de Itabuna, Fernando Gomes, ap\u00f3s se \u00a0reunir com o pr\u00e9-candidato ao Governo do Estado ACM \u00a0Neto, na exposi\u00e7\u00e3o agropecu\u00e1ria de Itapetinga, declarou que ir\u00e1 apoiar sua candidatura. Em contato com Fernando Gomes, ele declarou que s\u00f3 voltaria no PT caso o candidato fosse Rui Costa , como n\u00e3o ser\u00e1, seu apoio ser\u00e1 de [&hellip;]<\/p>\n","protected":false},"author":992,"featured_media":162780,"comment_status":"open","ping_status":"open","sticky":false,"template":"","format":"standard","meta":{"footnotes":"","_links_to":"","_links_to_target":""},"categories":[14,4],"tags":[],"class_list":["post-162779","post","type-post","status-publish","format-standard","has-post-thumbnail","hentry","category-bahia-geral","category-politica"],"views":1118,"_links":{"self":[{"href":"https:\/\/www.politicosdosuldabahia.com.br\/v1\/wp-json\/wp\/v2\/posts\/162779"}],"collection":[{"href":"https:\/\/www.politicosdosuldabahia.com.br\/v1\/wp-json\/wp\/v2\/posts"}],"about":[{"href":"https:\/\/www.politicosdosuldabahia.com.br\/v1\/wp-json\/wp\/v2\/types\/post"}],"author":[{"embeddable":true,"href":"https:\/\/www.politicosdosuldabahia.com.br\/v1\/wp-json\/wp\/v2\/users\/992"}],"replies":[{"embeddable":true,"href":"https:\/\/www.politicosdosuldabahia.com.br\/v1\/wp-json\/wp\/v2\/comments?post=162779"}],"version-history":[{"count":1,"href":"https:\/\/www.politicosdosuldabahia.com.br\/v1\/wp-json\/wp\/v2\/posts\/162779\/revisions"}],"predecessor-version":[{"id":162781,"href":"https:\/\/www.politicosdosuldabahia.com.br\/v1\/wp-json\/wp\/v2\/posts\/162779\/revisions\/162781"}],"wp:featuredmedia":[{"embeddable":true,"href":"https:\/\/www.politicosdosuldabahia.com.br\/v1\/wp-json\/wp\/v2\/media\/162780"}],"wp:attachment":[{"href":"https:\/\/www.politicosdosuldabahia.com.br\/v1\/wp-json\/wp\/v2\/media?parent=162779"}],"wp:term":[{"taxonomy":"category","embeddable":true,"href":"https:\/\/www.politicosdosuldabahia.com.br\/v1\/wp-json\/wp\/v2\/categories?post=162779"},{"taxonomy":"post_tag","embeddable":true,"href":"https:\/\/www.politicosdosuldabahia.com.br\/v1\/wp-json\/wp\/v2\/tags?post=162779"}],"curies":[{"name":"wp","href":"https:\/\/api.w.org\/{rel}","templated":true}]}}