
{"id":162770,"date":"2022-05-20T19:23:31","date_gmt":"2022-05-20T22:23:31","guid":{"rendered":"http:\/\/www.politicosdosuldabahia.com.br\/v1\/?p=162770"},"modified":"2022-05-20T19:23:31","modified_gmt":"2022-05-20T22:23:31","slug":"caturama-do-psd-prefeito-anuncia-apoio-a-pre-candidatura-de-acm-neto","status":"publish","type":"post","link":"https:\/\/www.politicosdosuldabahia.com.br\/v1\/2022\/05\/20\/caturama-do-psd-prefeito-anuncia-apoio-a-pre-candidatura-de-acm-neto\/","title":{"rendered":"CATURAMA: DO PSD, PREFEITO ANUNCIA APOIO \u00c0 PR\u00c9-CANDIDATURA DE ACM NETO"},"content":{"rendered":"<h4 style=\"text-align: center\"><img loading=\"lazy\" decoding=\"async\" class=\"alignnone wp-image-162771\" src=\"http:\/\/www.politicosdosuldabahia.com.br\/v1\/wp-content\/uploads\/2022\/05\/WhatsApp-Image-2022-05-20-at-14.39.28.jpeg\" alt=\"WhatsApp Image 2022-05-20 at 14.39.28\" width=\"455\" height=\"427\" srcset=\"https:\/\/www.politicosdosuldabahia.com.br\/v1\/wp-content\/uploads\/2022\/05\/WhatsApp-Image-2022-05-20-at-14.39.28.jpeg 904w, https:\/\/www.politicosdosuldabahia.com.br\/v1\/wp-content\/uploads\/2022\/05\/WhatsApp-Image-2022-05-20-at-14.39.28-300x282.jpeg 300w, https:\/\/www.politicosdosuldabahia.com.br\/v1\/wp-content\/uploads\/2022\/05\/WhatsApp-Image-2022-05-20-at-14.39.28-768x721.jpeg 768w\" sizes=\"(max-width: 455px) 100vw, 455px\" \/><\/h4>\n<h4 style=\"text-align: center\"><em><strong>An\u00fancio foi feito durante visita do ex-prefeito de Salvador ao munic\u00edpio nesta sexta-feira (20)<\/strong><\/em><\/h4>\n<h3>Filiado ao PSD, o prefeito de Caturama, Paulo Mendonc\u0327a, anunciou nesta sexta-feira (20) seu apoio \u00e0 pr\u00e9-candidatura de ACM Neto ao Governo do Estado. O ex-prefeito de Salvador visitou o munic\u00edpio e foi recepcionado pelo prefeito, que ressaltou sua confian\u00e7a em Neto e revelou que, em 2017, procurou o governo para pedir recursos para ampliar o hospital da cidade e ouviu que teria que fechar a unidade.<\/h3>\n<h3 style=\"text-align: justify\">\u201cEm 2017, fui pedir uma amplia\u00e7\u00e3o do hospital. Simplesmente (o governo) falou que eu tinha que fechar o hospital, que Caturama n\u00e3o comportava ter um hospital. Imagine eu m\u00e9dico fechar um hospital. Isso n\u00e3o existe. E veio logo a pandemia tempos depois. Gra\u00e7as a Deus a gente hoje consegue hoje manter o hospital com tudo para o nosso povo\u201d, disse o prefeito.<\/h3>\n<h3 style=\"text-align: justify\">Paulo Mendon\u00e7a ressaltou que Caturama \u201cvai estar com Neto\u201d. \u201cSe tiver um munic\u00edpio da Bahia que vai estar com voc\u00ea \u00e9 Caturama, pela sua garra, pelos seus servi\u00e7os prestados, tr\u00eas vezes deputado federal, prefeito de Salvador durante oito anos, oito anos melhor prefeito do Brasil. Eu at\u00e9 sonhava (ser melhor prefeito do Brasil), mas enquanto voc\u00ea estava perfeito eu n\u00e3o conseguia\u201d, frisou.<\/h3>\n<h3 style=\"text-align: justify\">Neto agradeceu o apoio e salientou que, se for eleito governador, Caturama e Paulo Mendon\u00e7a ter\u00e3o nele um grande parceiro. \u201cEspero poder retribuir o apoio que voc\u00ea est\u00e1 nos dando hoje, trabalhando durante quatro anos como governador para ajudar Caturama, resgatando tudo aquilo que n\u00e3o foi feito nos \u00faltimos anos pelo Governo do Estado. Voc\u00ea n\u00e3o ter\u00e1 apenas um governador, ter\u00e1 sobretudo um parceiro e um amigo. Tenho certeza que logo a partir de janeiro n\u00f3s, em dois anos, vamos fazer por Caturama muito mais do que eles fizeram em 16 anos\u201d, afirmou.<\/h3>\n<h3 style=\"text-align: justify\">Neto ainda disse que o apoio de Paulo Mendon\u00e7a tem um car\u00e1ter especial. \u201cO apoio de Dr. Paulo n\u00e3o \u00e9 mais um apoio, n\u00e3o \u00e9 igual aos outros, n\u00e3o \u00e9 um apoio que vai apenas somar numericamente. \u00c9 um apoio diferenciado de um prefeito que tem uma lideran\u00e7a enorme nesta regi\u00e3o, que \u00e9 respeitado em toda a Bahia. E \u00e9 respeitado pelo trabalho, pelo que vem realizando na sua cidade, porque \u00e9 merecedor do carinho e da confian\u00e7a do seu povo\u201d, disse.<\/h3>\n","protected":false},"excerpt":{"rendered":"<p>An\u00fancio foi feito durante visita do ex-prefeito de Salvador ao munic\u00edpio nesta sexta-feira (20) Filiado ao PSD, o prefeito de Caturama, Paulo Mendonc\u0327a, anunciou nesta sexta-feira (20) seu apoio \u00e0 pr\u00e9-candidatura de ACM Neto ao Governo do Estado. O ex-prefeito de Salvador visitou o munic\u00edpio e foi recepcionado pelo prefeito, que ressaltou sua confian\u00e7a em [&hellip;]<\/p>\n","protected":false},"author":992,"featured_media":162771,"comment_status":"open","ping_status":"open","sticky":false,"template":"","format":"standard","meta":{"footnotes":"","_links_to":"","_links_to_target":""},"categories":[14],"tags":[],"class_list":["post-162770","post","type-post","status-publish","format-standard","has-post-thumbnail","hentry","category-bahia-geral"],"views":541,"_links":{"self":[{"href":"https:\/\/www.politicosdosuldabahia.com.br\/v1\/wp-json\/wp\/v2\/posts\/162770"}],"collection":[{"href":"https:\/\/www.politicosdosuldabahia.com.br\/v1\/wp-json\/wp\/v2\/posts"}],"about":[{"href":"https:\/\/www.politicosdosuldabahia.com.br\/v1\/wp-json\/wp\/v2\/types\/post"}],"author":[{"embeddable":true,"href":"https:\/\/www.politicosdosuldabahia.com.br\/v1\/wp-json\/wp\/v2\/users\/992"}],"replies":[{"embeddable":true,"href":"https:\/\/www.politicosdosuldabahia.com.br\/v1\/wp-json\/wp\/v2\/comments?post=162770"}],"version-history":[{"count":1,"href":"https:\/\/www.politicosdosuldabahia.com.br\/v1\/wp-json\/wp\/v2\/posts\/162770\/revisions"}],"predecessor-version":[{"id":162772,"href":"https:\/\/www.politicosdosuldabahia.com.br\/v1\/wp-json\/wp\/v2\/posts\/162770\/revisions\/162772"}],"wp:featuredmedia":[{"embeddable":true,"href":"https:\/\/www.politicosdosuldabahia.com.br\/v1\/wp-json\/wp\/v2\/media\/162771"}],"wp:attachment":[{"href":"https:\/\/www.politicosdosuldabahia.com.br\/v1\/wp-json\/wp\/v2\/media?parent=162770"}],"wp:term":[{"taxonomy":"category","embeddable":true,"href":"https:\/\/www.politicosdosuldabahia.com.br\/v1\/wp-json\/wp\/v2\/categories?post=162770"},{"taxonomy":"post_tag","embeddable":true,"href":"https:\/\/www.politicosdosuldabahia.com.br\/v1\/wp-json\/wp\/v2\/tags?post=162770"}],"curies":[{"name":"wp","href":"https:\/\/api.w.org\/{rel}","templated":true}]}}